{"id":73705,"date":"2019-03-13T16:52:03","date_gmt":"2019-03-13T15:52:03","guid":{"rendered":"https:\/\/zjarr.tv\/?p=73705"},"modified":"2019-03-13T16:52:03","modified_gmt":"2019-03-13T15:52:03","slug":"merret-9-ore-peng-avokati-i-njohur","status":"publish","type":"post","link":"https:\/\/zjarr.tv\/sq\/merret-9-ore-peng-avokati-i-njohur\/","title":{"rendered":"Merret 9 or\u00eb peng avokati i njohur"},"content":{"rendered":"<p>Gazetari Basir \u00c7ollaku ka denoncuar dit\u00ebn e sotme nj\u00eb ngjarje t\u00eb r\u00ebnd\u00eb. Deri m\u00eb tani nuk ka asnj\u00eb reagim zyrtar nga policia n\u00eb lidhje me k\u00ebt\u00eb ngjarje t\u00eb r\u00ebnd\u00eb.<\/p>\n<p><strong>Denoncimi i Basir \u00c7ollakut:<\/strong><\/p>\n<p>Avokati i njohur..9 ore peng per llogari te trafikanteve te droges&#8230;<\/p>\n<p>Nje avokat i njohur qe leviz me shofer, i cili ka administruar poste te rendesishme ne sistemin e drejtesie, merret peng per mashtrim, nga disa persona nga Fushekruja.<\/p>\n<p>E kane futur ne nje bagazh makine dhe e kane trajtuar me konsiderate pa demtime serioze ne fytyre, sjellje qe solli plotesimin e disa kushteve te pengmarresve te perkoheshem. Ai eshte rikthyer ne liri pas nente oresh.<\/p>\n<p>Megjithese eshte e pamundur, ndoshta policia nuk ka mundur ta marre vesh ngjarjen e rende. Avokati ka neper duar nje \u00e7eshtje te rendesishme, ne nje dosje te trafikut te droges.<\/p>\n<p>Premtimi i pambajtur per njeriun qe eshte ne qeli nga Krimet e Renda, ka sjelle reagimin qe ka degraduar ne kete ngjarje.<\/p>\n<p>Per te rifituar lirine, avokati ka plotesuar disa \u2018kushte\u2019 te kontrates paraprake&#8230;<\/p>\n<p>&nbsp;<\/p>\n","protected":false},"excerpt":{"rendered":"<p>Gazetari Basir \u00c7ollaku ka denoncuar dit\u00ebn e sotme nj\u00eb ngjarje t\u00eb r\u00ebnd\u00eb. Deri m\u00eb tani nuk ka asnj\u00eb reagim zyrtar nga policia n\u00eb lidhje me k\u00ebt\u00eb ngjarje t\u00eb r\u00ebnd\u00eb. Denoncimi i Basir \u00c7ollakut: Avokati i njohur..9 ore peng per llogari te trafikanteve te droges&#8230; Nje avokat i njohur qe leviz me shofer, i cili ka [&hellip;]<\/p>\n","protected":false},"author":2013,"featured_media":73706,"comment_status":"open","ping_status":"closed","sticky":false,"template":"","format":"standard","meta":{"footnotes":""},"categories":[241,235],"tags":[],"class_list":{"0":"post-73705","1":"post","2":"type-post","3":"status-publish","4":"format-standard","5":"has-post-thumbnail","7":"category-aktualitet","8":"category-vendi"},"_links":{"self":[{"href":"https:\/\/zjarr.tv\/sq\/wp-json\/wp\/v2\/posts\/73705","targetHints":{"allow":["GET"]}}],"collection":[{"href":"https:\/\/zjarr.tv\/sq\/wp-json\/wp\/v2\/posts"}],"about":[{"href":"https:\/\/zjarr.tv\/sq\/wp-json\/wp\/v2\/types\/post"}],"author":[{"embeddable":true,"href":"https:\/\/zjarr.tv\/sq\/wp-json\/wp\/v2\/users\/2013"}],"replies":[{"embeddable":true,"href":"https:\/\/zjarr.tv\/sq\/wp-json\/wp\/v2\/comments?post=73705"}],"version-history":[{"count":0,"href":"https:\/\/zjarr.tv\/sq\/wp-json\/wp\/v2\/posts\/73705\/revisions"}],"wp:featuredmedia":[{"embeddable":true,"href":"https:\/\/zjarr.tv\/sq\/wp-json\/wp\/v2\/media\/73706"}],"wp:attachment":[{"href":"https:\/\/zjarr.tv\/sq\/wp-json\/wp\/v2\/media?parent=73705"}],"wp:term":[{"taxonomy":"category","embeddable":true,"href":"https:\/\/zjarr.tv\/sq\/wp-json\/wp\/v2\/categories?post=73705"},{"taxonomy":"post_tag","embeddable":true,"href":"https:\/\/zjarr.tv\/sq\/wp-json\/wp\/v2\/tags?post=73705"}],"curies":[{"name":"wp","href":"https:\/\/api.w.org\/{rel}","templated":true}]}}