{"id":73708,"date":"2019-03-13T16:56:11","date_gmt":"2019-03-13T15:56:11","guid":{"rendered":"https:\/\/zjarr.tv\/?p=73708"},"modified":"2019-03-13T16:56:11","modified_gmt":"2019-03-13T15:56:11","slug":"ndryshon-procedura-e-terheqjes-se-pensionit","status":"publish","type":"post","link":"https:\/\/zjarr.tv\/sq\/ndryshon-procedura-e-terheqjes-se-pensionit\/","title":{"rendered":"Ndryshon procedura e t\u00ebrheqjes s\u00eb pensionit"},"content":{"rendered":"<p>Pas informatizimit t\u00eb sistemit t\u00eb pagesave, t\u00eb moshuarit n\u00eb mbar\u00eb vendin do t\u00eb mund t\u00eb t\u00ebrheqin pensionin e pleq\u00ebris\u00eb n\u00eb \u00e7do ark\u00eb t\u00eb Post\u00ebs Shqiptare, pa qen\u00eb nevoja e transferimit t\u00eb gjendjes civile. Lajmi \u00ebsht\u00eb b\u00ebr\u00eb me dije dit\u00ebn e djeshme nga kreu i Institutit t\u00eb Sigurimeve Shoq\u00ebrore, Astrit Hado, i cili thekson se \u00ebsht\u00eb b\u00ebr\u00eb i mundur leht\u00ebsimi i procedurave, pavar\u00ebsisht vendit ku banon i moshuari.<\/p>\n<p>\u201cTashm\u00eb pensionist\u00ebt mund ta t\u00ebrheqin pensionin e pleq\u00ebris\u00eb n\u00eb \u00e7do ark\u00eb paguese t\u00eb Post\u00ebs Shqiptare sh.a n\u00eb \u00e7do qark t\u00eb vendit, pa pasur nevoj\u00eb p\u00ebr t\u00eb transferuar edhe Gjendjen Civile. Si pasoj\u00eb e p\u00ebrfundimit t\u00eb procesit t\u00eb nd\u00ebrtimit t\u00eb baz\u00ebs s\u00eb t\u00eb dh\u00ebnave elektronike dhe unike t\u00eb pensioneve, informatizimin e sistemit t\u00eb pagesave dhe t\u00eb procesit t\u00eb kontrollit t\u00eb tyre, \u00ebsht\u00eb b\u00ebr\u00eb e mundur leht\u00ebsimi i procedurave t\u00eb transferimit t\u00eb qendr\u00ebs paguese t\u00eb pensionit, pavar\u00ebsisht nga vendbanimi, sipas regjistrit t\u00eb gjendjes civile\u201d,-thot\u00eb Hado. Ky i fundit shton se zbatimi i k\u00ebsaj procedure t\u00eb thjeshtuar t\u00eb transferimit t\u00eb qendr\u00ebs s\u00eb pages\u00ebs shkurton ndjesh\u00ebm koh\u00ebn, si dhe vet\u00ebngarkon strukturat e ISSH-s\u00eb p\u00ebr t\u00eb kryer procedurat e transferimit dhe njoftimin e qytetarit.<\/p>\n<p><strong>Analiza e 2018-\u00ebs<\/strong><br \/>\nN\u00eb ambientet e Ministris\u00eb s\u00eb Financave dhe Ekonomis\u00eb, n\u00ebn drejtimin e ministres, Anila Denaj, nj\u00ebkoh\u00ebsisht dhe kryetare e K\u00ebshillit Administrativ t\u00eb ISSH, u zhvillua Analiza Vjetore e Institutit t\u00eb Sigurimeve Shoq\u00ebrore, p\u00ebr vitin 2018. Denaj, nd\u00ebr t\u00eb tjera, theksoi pun\u00ebn q\u00eb duhet b\u00ebr\u00eb n\u00eb drejtim t\u00eb mbledhjes s\u00eb kontributeve shoq\u00ebrore dhe sh\u00ebndet\u00ebsore, duke v\u00ebn\u00eb theksin n\u00eb faktin q\u00eb mbledhja e t\u00eb dy llojeve t\u00eb kontributeve duhet t\u00eb ec\u00eb n\u00eb m\u00ebnyr\u00eb paralele. Drejtori i P\u00ebrgjithsh\u00ebm i ISSH, Astrit Hado, gjat\u00eb fjal\u00ebs s\u00eb tij ka b\u00ebr\u00eb publike disa nga arritjet dhe sfidat me t\u00eb cilat p\u00ebrballet skema e sigurimeve shoq\u00ebrore, si nj\u00eb fush\u00eb me efekte shum\u00eb t\u00eb gjera sociale, ku preket thuajse \u00e7do familje shqiptare.<\/p>\n<p>Ai theksoi se gjat\u00eb vitit 2018, p\u00ebr realizimin e misionit t\u00eb ISSH-s\u00eb n\u00eb fush\u00ebn e sigurimeve shoq\u00ebrore dhe n\u00eb ve\u00e7anti n\u00eb fush\u00ebn e pensioneve, v\u00ebmendja kryesore \u00ebsht\u00eb fokusuar n\u00eb disa drejtime kryesore si: vazhdimi i pun\u00ebs p\u00ebr implementimin e skem\u00ebs s\u00eb reformuar t\u00eb pensioneve; zbatimi i politikave t\u00eb qeveris\u00eb p\u00ebr rritjen e t\u00eb ardhurave t\u00eb pensionist\u00ebve, n\u00ebp\u00ebrmjet indeksimit t\u00eb p\u00ebrfitimeve t\u00eb caktuara, indeksimit t\u00eb pagave referuese p\u00ebr p\u00ebrfitimet e reja t\u00eb vitit e n\u00eb vazhdim, si dhe n\u00ebp\u00ebrmjet zbatimit t\u00eb nj\u00eb praktike tashm\u00eb t\u00eb konsoliduar, q\u00eb \u00ebsht\u00eb bonusi (shp\u00ebrblimi) vjetor i pensionist\u00ebve.<\/p>\n<p>Fusha t\u00eb tjera ku ISSH ka punuar jan\u00eb: p\u00ebrmir\u00ebsimi i administrimit t\u00eb buxhetit t\u00eb ISSH-s\u00eb dhe i cil\u00ebsis\u00eb s\u00eb sh\u00ebrbimeve ndaj qytetar\u00ebve; vazhdimi i pun\u00ebs p\u00ebr krijimin e nj\u00eb baze t\u00eb plot\u00eb, t\u00eb informatizuar t\u00eb t\u00eb dh\u00ebnave, si\u00e7 jan\u00eb periudhat kontributive t\u00eb personave, zbatimi i nj\u00eb sistemi t\u00eb automatizuar t\u00eb autorizimit dhe pagesave online. \u201cP\u00ebrmes pun\u00ebs t\u00eb t\u00eb gjitha strukturave t\u00eb Institutit t\u00eb Sigurimeve Shoq\u00ebrore n\u00eb shkall\u00eb vendi, si dhe drejtimit dhe mb\u00ebshtetjes nga K\u00ebshilli Administrativ, evidentojm\u00eb: realizimin e t\u00eb gjitha procedurave administrative t\u00eb indeksimit t\u00eb pensioneve, si dhe p\u00ebrfitimeve t\u00eb tjera p\u00ebr mbi 623 mij\u00eb p\u00ebrfitues, duke filluar nga data 01.07.2018, n\u00eb mas\u00ebn 2.8%, si dhe kryerjen e pagesave n\u00eb favor t\u00eb pensionist\u00ebve, me nj\u00eb efekt financiar prej mbi 1,570 milion\u00eb lek\u00eb.<\/p>\n<p>Brenda nj\u00eb kohe rekord u kryen t\u00eb gjitha procedurat administrative t\u00eb dh\u00ebnies s\u00eb shp\u00ebrblimeve p\u00ebr mbi 650 mij\u00eb p\u00ebrfitues, nga sistemi i p\u00ebrgjithsh\u00ebm i sigurimeve shoq\u00ebrore, me nj\u00eb efekt financiar prej rreth 3,276 milion\u00eb lek\u00eb. U zbatuan standarde t\u00eb reja n\u00eb drejtim t\u00eb p\u00ebrmir\u00ebsimit t\u00eb sh\u00ebrbimit ndaj pensionist\u00ebve, sidomos n\u00eb fush\u00ebn e transparenc\u00ebs s\u00eb p\u00ebrfitimeve t\u00eb caktuara. Nga 36,796 pensione t\u00eb reja t\u00eb caktuara n\u00eb vitin 2018, 35,031 ose 95.1% jan\u00eb lidhur brenda afateve ligjore, me nj\u00eb koh\u00eb mesatare 24 dit\u00eb. Gjat\u00eb vitit 2018, i cili p\u00ebrkon edhe me p\u00ebrfundimin e certifikimit t\u00eb sistemit elektronik t\u00eb baz\u00ebs s\u00eb t\u00eb dh\u00ebnave t\u00eb pensioneve, si dhe t\u00eb kontrollit t\u00eb dosjeve t\u00eb viteve t\u00eb m\u00ebparshme, jan\u00eb b\u00ebr\u00eb gjithsej 484 kall\u00ebzime: 159 \u00e7\u00ebshtje jan\u00eb p\u00ebrfunduar dhe 295 \u00e7\u00ebshtje jan\u00eb n\u00eb shqyrtim. P\u00ebrgjith\u00ebsisht kemi t\u00eb b\u00ebjm\u00eb me falsifikim t\u00eb dokumenteve zyrtare p\u00ebr periudha sigurimi para vitit 1992, t\u00eb kryera n\u00eb nd\u00ebrmarrje problematike, t\u00eb djegura etj\u201d,-tha Hado.<\/p>\n<p>&nbsp;<\/p>\n","protected":false},"excerpt":{"rendered":"<p>Pas informatizimit t\u00eb sistemit t\u00eb pagesave, t\u00eb moshuarit n\u00eb mbar\u00eb vendin do t\u00eb mund t\u00eb t\u00ebrheqin pensionin e pleq\u00ebris\u00eb n\u00eb \u00e7do ark\u00eb t\u00eb Post\u00ebs Shqiptare, pa qen\u00eb nevoja e transferimit t\u00eb gjendjes civile. Lajmi \u00ebsht\u00eb b\u00ebr\u00eb me dije dit\u00ebn e djeshme nga kreu i Institutit t\u00eb Sigurimeve Shoq\u00ebrore, Astrit Hado, i cili thekson se \u00ebsht\u00eb [&hellip;]<\/p>\n","protected":false},"author":2013,"featured_media":73709,"comment_status":"open","ping_status":"closed","sticky":false,"template":"","format":"standard","meta":{"footnotes":""},"categories":[241,235],"tags":[],"class_list":{"0":"post-73708","1":"post","2":"type-post","3":"status-publish","4":"format-standard","5":"has-post-thumbnail","7":"category-aktualitet","8":"category-vendi"},"_links":{"self":[{"href":"https:\/\/zjarr.tv\/sq\/wp-json\/wp\/v2\/posts\/73708","targetHints":{"allow":["GET"]}}],"collection":[{"href":"https:\/\/zjarr.tv\/sq\/wp-json\/wp\/v2\/posts"}],"about":[{"href":"https:\/\/zjarr.tv\/sq\/wp-json\/wp\/v2\/types\/post"}],"author":[{"embeddable":true,"href":"https:\/\/zjarr.tv\/sq\/wp-json\/wp\/v2\/users\/2013"}],"replies":[{"embeddable":true,"href":"https:\/\/zjarr.tv\/sq\/wp-json\/wp\/v2\/comments?post=73708"}],"version-history":[{"count":0,"href":"https:\/\/zjarr.tv\/sq\/wp-json\/wp\/v2\/posts\/73708\/revisions"}],"wp:featuredmedia":[{"embeddable":true,"href":"https:\/\/zjarr.tv\/sq\/wp-json\/wp\/v2\/media\/73709"}],"wp:attachment":[{"href":"https:\/\/zjarr.tv\/sq\/wp-json\/wp\/v2\/media?parent=73708"}],"wp:term":[{"taxonomy":"category","embeddable":true,"href":"https:\/\/zjarr.tv\/sq\/wp-json\/wp\/v2\/categories?post=73708"},{"taxonomy":"post_tag","embeddable":true,"href":"https:\/\/zjarr.tv\/sq\/wp-json\/wp\/v2\/tags?post=73708"}],"curies":[{"name":"wp","href":"https:\/\/api.w.org\/{rel}","templated":true}]}}