{"id":73711,"date":"2019-03-13T16:59:09","date_gmt":"2019-03-13T15:59:09","guid":{"rendered":"https:\/\/zjarr.tv\/?p=73711"},"modified":"2019-03-13T16:59:09","modified_gmt":"2019-03-13T15:59:09","slug":"16-mars-basha-nis-numerimin-mbrapsh","status":"publish","type":"post","link":"https:\/\/zjarr.tv\/sq\/16-mars-basha-nis-numerimin-mbrapsh\/","title":{"rendered":"16 mars, Basha nis num\u00ebrimin mbrapsh"},"content":{"rendered":"<p>Na ndajn\u00eb vet\u00ebm pak dit\u00eb nga protesta e opozit\u00ebs s\u00eb bashkuar, nd\u00ebrsa kreu i PD-s\u00eb Lulzim Basha ka nisur num\u00ebrimin mbrapsh. P\u00ebrmes nj\u00eb postimi n\u00eb rrjetin social \u2018Facebook\u2019, Basha zgjedh foton e flamurit komb\u00ebtar n\u00eb sfond, p\u00ebr t\u00eb pasqyruar edhe demostrat\u00ebn e paralajm\u00ebruar t\u00eb 16 marsit. Kreu i PD-s\u00eb krahas fotos shkruan q\u00eb ka nisur num\u00ebrimi mbrapsh, nd\u00ebrsa shton m\u00eb tutje dat\u00ebn dhe or\u00ebn e protest\u00ebs.<\/p>\n","protected":false},"excerpt":{"rendered":"<p>Na ndajn\u00eb vet\u00ebm pak dit\u00eb nga protesta e opozit\u00ebs s\u00eb bashkuar, nd\u00ebrsa kreu i PD-s\u00eb Lulzim Basha ka nisur num\u00ebrimin mbrapsh. P\u00ebrmes nj\u00eb postimi n\u00eb rrjetin social \u2018Facebook\u2019, Basha zgjedh foton e flamurit komb\u00ebtar n\u00eb sfond, p\u00ebr t\u00eb pasqyruar edhe demostrat\u00ebn e paralajm\u00ebruar t\u00eb 16 marsit. Kreu i PD-s\u00eb krahas fotos shkruan q\u00eb ka nisur [&hellip;]<\/p>\n","protected":false},"author":2013,"featured_media":0,"comment_status":"open","ping_status":"closed","sticky":false,"template":"","format":"standard","meta":{"footnotes":""},"categories":[241,235],"tags":[],"class_list":{"0":"post-73711","1":"post","2":"type-post","3":"status-publish","4":"format-standard","6":"category-aktualitet","7":"category-vendi"},"_links":{"self":[{"href":"https:\/\/zjarr.tv\/sq\/wp-json\/wp\/v2\/posts\/73711","targetHints":{"allow":["GET"]}}],"collection":[{"href":"https:\/\/zjarr.tv\/sq\/wp-json\/wp\/v2\/posts"}],"about":[{"href":"https:\/\/zjarr.tv\/sq\/wp-json\/wp\/v2\/types\/post"}],"author":[{"embeddable":true,"href":"https:\/\/zjarr.tv\/sq\/wp-json\/wp\/v2\/users\/2013"}],"replies":[{"embeddable":true,"href":"https:\/\/zjarr.tv\/sq\/wp-json\/wp\/v2\/comments?post=73711"}],"version-history":[{"count":0,"href":"https:\/\/zjarr.tv\/sq\/wp-json\/wp\/v2\/posts\/73711\/revisions"}],"wp:attachment":[{"href":"https:\/\/zjarr.tv\/sq\/wp-json\/wp\/v2\/media?parent=73711"}],"wp:term":[{"taxonomy":"category","embeddable":true,"href":"https:\/\/zjarr.tv\/sq\/wp-json\/wp\/v2\/categories?post=73711"},{"taxonomy":"post_tag","embeddable":true,"href":"https:\/\/zjarr.tv\/sq\/wp-json\/wp\/v2\/tags?post=73711"}],"curies":[{"name":"wp","href":"https:\/\/api.w.org\/{rel}","templated":true}]}}