{"id":73714,"date":"2019-03-13T17:01:16","date_gmt":"2019-03-13T16:01:16","guid":{"rendered":"https:\/\/zjarr.tv\/?p=73714"},"modified":"2019-03-13T17:01:16","modified_gmt":"2019-03-13T16:01:16","slug":"soreca-kujdes-me-perzgjedhjen-e-projekteve-ne-investime","status":"publish","type":"post","link":"https:\/\/zjarr.tv\/sq\/soreca-kujdes-me-perzgjedhjen-e-projekteve-ne-investime\/","title":{"rendered":"Soreca: Kujdes me p\u00ebrzgjedhjen e projekteve n\u00eb investime"},"content":{"rendered":"<p><em>Ambasadori i Bashkimit Evropian n\u00eb Shqip\u00ebri ka b\u00ebr\u00eb apel p\u00ebr m\u00eb shum\u00eb transparenc\u00eb me shpenzimet e buxhetit t\u00eb shtetit. Diplomati evropian b\u00ebri thirrje q\u00eb t\u00eb b\u00ebhet kujdes n\u00eb p\u00ebrzgjedhjen dhe mbik\u00ebqyrjen e projekteve t\u00eb investimeve publike. Nd\u00ebrkoh\u00eb ministrja Anila Denaj deklaroi se jan\u00eb marr\u00eb masa p\u00ebr shlyerjen e detyrimeve t\u00eb prapambetura nd\u00ebrsa premtoi vijimin e reformave.<\/em> Pas fondit Monetar Nd\u00ebrkomb\u00ebtar dhe Bank\u00ebs Bot\u00ebrore edhe Bashkimi Evropian i ka k\u00ebrkuar qeveris\u00eb shqiptare t\u00eb b\u00ebj\u00eb kujdes me shpenzimet publike. Ambasadori i BE n\u00eb Tiran\u00eb Luigi Soreca theksoi se procedurat e prokurimeve duhet t\u00eb jen\u00eb transparente dhe t\u00eb sigurojn\u00eb p\u00ebrzgjedhjen e projekteve m\u00eb t\u00eb mira p\u00ebr qytetar\u00ebt.<\/p>\n<p><strong>Soreca:<\/strong>\u00a0<em>Planifikimi i shpenzimeve \u00ebsht\u00eb i nevojsh\u00ebm p\u00ebr t\u00eb ofruar sh\u00ebrbim cil\u00ebsor se asnj\u00ebher\u00eb nuk ka para te tep\u00ebrta. Reforma ne administrate publike \u00ebsht\u00eb ky\u00e7 p\u00ebr \u00e7do vend kandidat qe synon BE. Mir\u00ebpresim qe ministria t\u00eb p\u00ebrcaktoj\u00eb kufijt\u00eb dhe standardet sepse \u00e7do institucion ka rol ne menaxhimin e financave. Edhe parlamenti ka rol t\u00eb r\u00ebnd\u00ebsish\u00ebm p\u00ebr mbik\u00ebqyrjen se bashku me shoq\u00ebrin\u00eb civile. Parat\u00eb publike jan\u00eb parat\u00eb e qytetareve dhe ata kan\u00eb t\u00eb drejt\u00eb t\u00eb k\u00ebrkojn\u00eb q\u00eb ato t\u00eb p\u00ebrdoren me efektivitet. Planifikimi dhe menaxhimi i investimeve publike \u00ebsht\u00eb i r\u00ebnd\u00ebsishme dhe duhet q\u00eb t\u00eb zgjidhen prokurimi dhe p\u00ebrzgjedhja e projekteve m\u00eb t\u00eb mira dhe m\u00eb pas \u00ebsht\u00eb mbik\u00ebqyrja pasi vet\u00ebm n\u00eb k\u00ebt\u00eb m\u00ebnyre mund t\u00eb nd\u00ebrtohet nj\u00eb rrug\u00eb.<\/em><\/p>\n<p>Nd\u00ebrkoh\u00eb ministrja e financave Anila Denaj premtoi angazhim p\u00ebr vijimin e reformave t\u00eb nisura t\u00eb kuad\u00ebr t\u00eb mir\u00ebmenaxhimit t\u00eb buxhetit<\/p>\n<p><strong>Denaj:<\/strong><em>\u00a0Masat e nd\u00ebrmarra p\u00ebr detyrimet e vonuara rezultojn\u00eb t\u00eb suksesshme n\u00eb parandalimin e borxheve t\u00eb reja t\u00eb krijuara dhe eliminimin e borxheve ekzistuese. Kontrollet e shpenzimeve jan\u00eb p\u00ebrmir\u00ebsuar me k\u00ebrkes\u00ebn p\u00ebr regjistrimin e angazhimeve, p\u00ebrfshir\u00eb angazhimet shum\u00eb vje\u00e7are.<\/em><\/p>\n<p>K\u00ebto deklarata erdh\u00ebn gjat\u00eb nj\u00eb aktiviteti p\u00ebr p\u00ebrgatitjen dhe finalizimin e Strategjis\u00eb s\u00eb Rishikuar t\u00eb Menaxhimit t\u00eb Financave Publike 2019-2022.<\/p>\n<p>&nbsp;<\/p>\n","protected":false},"excerpt":{"rendered":"<p>Ambasadori i Bashkimit Evropian n\u00eb Shqip\u00ebri ka b\u00ebr\u00eb apel p\u00ebr m\u00eb shum\u00eb transparenc\u00eb me shpenzimet e buxhetit t\u00eb shtetit. Diplomati evropian b\u00ebri thirrje q\u00eb t\u00eb b\u00ebhet kujdes n\u00eb p\u00ebrzgjedhjen dhe mbik\u00ebqyrjen e projekteve t\u00eb investimeve publike. Nd\u00ebrkoh\u00eb ministrja Anila Denaj deklaroi se jan\u00eb marr\u00eb masa p\u00ebr shlyerjen e detyrimeve t\u00eb prapambetura nd\u00ebrsa premtoi vijimin e [&hellip;]<\/p>\n","protected":false},"author":2013,"featured_media":71038,"comment_status":"open","ping_status":"closed","sticky":false,"template":"","format":"standard","meta":{"footnotes":""},"categories":[241,235],"tags":[],"class_list":{"0":"post-73714","1":"post","2":"type-post","3":"status-publish","4":"format-standard","5":"has-post-thumbnail","7":"category-aktualitet","8":"category-vendi"},"_links":{"self":[{"href":"https:\/\/zjarr.tv\/sq\/wp-json\/wp\/v2\/posts\/73714","targetHints":{"allow":["GET"]}}],"collection":[{"href":"https:\/\/zjarr.tv\/sq\/wp-json\/wp\/v2\/posts"}],"about":[{"href":"https:\/\/zjarr.tv\/sq\/wp-json\/wp\/v2\/types\/post"}],"author":[{"embeddable":true,"href":"https:\/\/zjarr.tv\/sq\/wp-json\/wp\/v2\/users\/2013"}],"replies":[{"embeddable":true,"href":"https:\/\/zjarr.tv\/sq\/wp-json\/wp\/v2\/comments?post=73714"}],"version-history":[{"count":0,"href":"https:\/\/zjarr.tv\/sq\/wp-json\/wp\/v2\/posts\/73714\/revisions"}],"wp:featuredmedia":[{"embeddable":true,"href":"https:\/\/zjarr.tv\/sq\/wp-json\/wp\/v2\/media\/71038"}],"wp:attachment":[{"href":"https:\/\/zjarr.tv\/sq\/wp-json\/wp\/v2\/media?parent=73714"}],"wp:term":[{"taxonomy":"category","embeddable":true,"href":"https:\/\/zjarr.tv\/sq\/wp-json\/wp\/v2\/categories?post=73714"},{"taxonomy":"post_tag","embeddable":true,"href":"https:\/\/zjarr.tv\/sq\/wp-json\/wp\/v2\/tags?post=73714"}],"curies":[{"name":"wp","href":"https:\/\/api.w.org\/{rel}","templated":true}]}}