{"id":73717,"date":"2019-03-13T17:04:35","date_gmt":"2019-03-13T16:04:35","guid":{"rendered":"https:\/\/zjarr.tv\/?p=73717"},"modified":"2019-03-13T17:04:35","modified_gmt":"2019-03-13T16:04:35","slug":"panucci-dhe-kosova-ne-gare-per-mbrojtesin-e-salzburg","status":"publish","type":"post","link":"https:\/\/zjarr.tv\/sq\/panucci-dhe-kosova-ne-gare-per-mbrojtesin-e-salzburg\/","title":{"rendered":"Panucci dhe Kosova n\u00eb gar\u00eb p\u00ebr mbrojt\u00ebsin e Salzburg"},"content":{"rendered":"<p>Pas &#8220;luft\u00ebs&#8221; p\u00ebr sulmuesin Fiorin Durmishaj me Federat\u00ebn e Greqis\u00eb, Federata Shqiptare e Futbollit po ndjen rivalitetin e nj\u00eb tjet\u00ebr federata p\u00ebr nj\u00eb tjet\u00ebr element t\u00eb pikasur nga trajneri Christian Panucci.\u00a0 B\u00ebhet fjal\u00eb p\u00ebr mbrojt\u00ebsin e Red Bull Salzburg, Albert Vallci, q\u00eb \u00a0dit\u00ebt e fundit \u00ebsht\u00eb pozicionuar mes dy zjarreve. Mbrojt\u00ebsi me pasaport\u00eb austriake k\u00ebrkohet nga FSHF dhe Federata Kosovare e Futbollit, duke e kthyer p\u00ebrgjigjen e tij n\u00eb nj\u00eb ankand t\u00eb mir\u00ebfillt\u00eb.<\/p>\n<p>Si\u00e7 m\u00ebsoi \u201cLAOLA1\u201d, Kosova dhe Shqip\u00ebria duan ta b\u00ebjn\u00eb t\u00eb tyrin \u00a0mbrojt\u00ebsin, i cili jep siguri t\u00eb madhe n\u00eb faz\u00ebn difensive.<\/p>\n<p><em>\u201c\u00cbsht\u00eb e v\u00ebrtet\u00eb se koh\u00ebt e fundit ka pasur k\u00ebrkesa nga federata kosovare ose shqiptare p\u00ebr nj\u00eb thirrje n\u00eb ekipin komb\u00ebtar A\u201c,<\/em>\u00a0konfirmon 23-vje\u00e7ari, i cili aktualisht ka vet\u00ebm nj\u00eb pasaport\u00eb austriake.<\/p>\n<p>Megjithat\u00eb, p\u00ebr Vallcin, kjo nuk \u00ebsht\u00eb nj\u00eb \u00e7\u00ebshtje par\u00ebsore, teksa shton:<\/p>\n<p>\u201c<em>Pa e ditur kuadrin ligjor p\u00ebr t\u00eb, un\u00eb vendosa q\u00eb t\u00eb p\u00ebrqendrohesha ekskluzivisht n\u00eb detyrat e mia te FC Red Bull Salzburg. Un\u00eb kam ardhur k\u00ebtu koh\u00ebt e fundit, dhe pavar\u00ebsisht nga nj\u00eb fillim i mir\u00eb, ka shum\u00eb gj\u00ebra t\u00eb reja p\u00ebr mua.\u201c-<\/em>tha mes t\u00eb tjerash Vallci.<\/p>\n<p>&nbsp;<\/p>\n<p>&nbsp;<\/p>\n","protected":false},"excerpt":{"rendered":"<p>Pas &#8220;luft\u00ebs&#8221; p\u00ebr sulmuesin Fiorin Durmishaj me Federat\u00ebn e Greqis\u00eb, Federata Shqiptare e Futbollit po ndjen rivalitetin e nj\u00eb tjet\u00ebr federata p\u00ebr nj\u00eb tjet\u00ebr element t\u00eb pikasur nga trajneri Christian Panucci.\u00a0 B\u00ebhet fjal\u00eb p\u00ebr mbrojt\u00ebsin e Red Bull Salzburg, Albert Vallci, q\u00eb \u00a0dit\u00ebt e fundit \u00ebsht\u00eb pozicionuar mes dy zjarreve. Mbrojt\u00ebsi me pasaport\u00eb austriake k\u00ebrkohet [&hellip;]<\/p>\n","protected":false},"author":2013,"featured_media":0,"comment_status":"open","ping_status":"closed","sticky":false,"template":"","format":"standard","meta":{"footnotes":""},"categories":[241,192],"tags":[],"class_list":{"0":"post-73717","1":"post","2":"type-post","3":"status-publish","4":"format-standard","6":"category-aktualitet","7":"category-sport"},"_links":{"self":[{"href":"https:\/\/zjarr.tv\/sq\/wp-json\/wp\/v2\/posts\/73717","targetHints":{"allow":["GET"]}}],"collection":[{"href":"https:\/\/zjarr.tv\/sq\/wp-json\/wp\/v2\/posts"}],"about":[{"href":"https:\/\/zjarr.tv\/sq\/wp-json\/wp\/v2\/types\/post"}],"author":[{"embeddable":true,"href":"https:\/\/zjarr.tv\/sq\/wp-json\/wp\/v2\/users\/2013"}],"replies":[{"embeddable":true,"href":"https:\/\/zjarr.tv\/sq\/wp-json\/wp\/v2\/comments?post=73717"}],"version-history":[{"count":0,"href":"https:\/\/zjarr.tv\/sq\/wp-json\/wp\/v2\/posts\/73717\/revisions"}],"wp:attachment":[{"href":"https:\/\/zjarr.tv\/sq\/wp-json\/wp\/v2\/media?parent=73717"}],"wp:term":[{"taxonomy":"category","embeddable":true,"href":"https:\/\/zjarr.tv\/sq\/wp-json\/wp\/v2\/categories?post=73717"},{"taxonomy":"post_tag","embeddable":true,"href":"https:\/\/zjarr.tv\/sq\/wp-json\/wp\/v2\/tags?post=73717"}],"curies":[{"name":"wp","href":"https:\/\/api.w.org\/{rel}","templated":true}]}}