{"id":73733,"date":"2019-03-13T17:37:36","date_gmt":"2019-03-13T16:37:36","guid":{"rendered":"https:\/\/zjarr.tv\/?p=73733"},"modified":"2019-03-13T17:37:36","modified_gmt":"2019-03-13T16:37:36","slug":"videoklipi-i-jonida-maliqit-per-eurovision-del-te-jete-i-kopjuar","status":"publish","type":"post","link":"https:\/\/zjarr.tv\/sq\/videoklipi-i-jonida-maliqit-per-eurovision-del-te-jete-i-kopjuar\/","title":{"rendered":"Videoklipi i Jonida Maliqit p\u00ebr Eurovision, del t\u00eb jet\u00eb i kopjuar"},"content":{"rendered":"<p>Jonida Maliqi i ka realizuar nj\u00eb videoklip shum\u00eb t\u00eb ve\u00e7ant\u00eb k\u00ebng\u00ebs s\u00eb saj \u2018Ktheju tok\u00ebs\u2019, me t\u00eb cil\u00ebn p\u00ebrfaq\u00ebso Shqip\u00ebrin\u00eb n\u00eb Eurovision k\u00ebt\u00eb vit. Megjithat\u00eb, publikimi i klipit t\u00eb k\u00ebsaj k\u00ebnge \u00ebsht\u00eb b\u00ebr\u00eb shkak p\u00ebr debate n\u00eb lidhje me plagjiatur\u00ebn. Kjo \u00ebsht\u00eb pik\u00ebpyetja e madhe q\u00eb po shoq\u00ebron publikun n\u00eb nj\u00eb koh\u00eb kur klipi ka vet\u00ebm nj\u00eb dit\u00eb q\u00eb iu prezantua jo vet\u00ebm shqiptar\u00ebve, por zyrtarisht edhe Eurosong Contest.\u00a0 Kjo \u00ebsht\u00eb k\u00ebnga \u201cChildren of the Wild\u201d nga artisti Steve Angelo, i realizuar si produksion n\u00eb vitin 2015, e q\u00eb mendohet t\u00eb jet\u00eb jo thjesht nj\u00eb burim frym\u00ebzimi p\u00ebr k\u00ebng\u00ebn shqiptare p\u00ebrfaq\u00ebsuese n\u00eb Eurovision, por nj\u00eb burim deri n\u00eb plagjiatur\u00eb.<\/p>\n<div class=\"youtube-embed\" data-video_id=\"eo4aFzAkQkA\"><iframe loading=\"lazy\" title=\"Jonida Maliqi - Ktheju tok\u00ebs - Albania \ud83c\udde6\ud83c\uddf1 - Official Music Video - Eurovision 2019\" width=\"696\" height=\"392\" src=\"https:\/\/www.youtube.com\/embed\/eo4aFzAkQkA?feature=oembed&#038;enablejsapi=1\" frameborder=\"0\" allow=\"accelerometer; autoplay; clipboard-write; encrypted-media; gyroscope; picture-in-picture\" allowfullscreen><\/iframe><\/div>\n<p>&nbsp;<\/p>\n<div class=\"youtube-embed\" data-video_id=\"tWh-GBtOLxk\"><iframe loading=\"lazy\" title=\"Steve Angello - Children Of The Wild ft. Mako\" width=\"696\" height=\"392\" src=\"https:\/\/www.youtube.com\/embed\/tWh-GBtOLxk?feature=oembed&#038;enablejsapi=1\" frameborder=\"0\" allow=\"accelerometer; autoplay; clipboard-write; encrypted-media; gyroscope; picture-in-picture\" allowfullscreen><\/iframe><\/div>\n","protected":false},"excerpt":{"rendered":"<p>Jonida Maliqi i ka realizuar nj\u00eb videoklip shum\u00eb t\u00eb ve\u00e7ant\u00eb k\u00ebng\u00ebs s\u00eb saj \u2018Ktheju tok\u00ebs\u2019, me t\u00eb cil\u00ebn p\u00ebrfaq\u00ebso Shqip\u00ebrin\u00eb n\u00eb Eurovision k\u00ebt\u00eb vit. Megjithat\u00eb, publikimi i klipit t\u00eb k\u00ebsaj k\u00ebnge \u00ebsht\u00eb b\u00ebr\u00eb shkak p\u00ebr debate n\u00eb lidhje me plagjiatur\u00ebn. Kjo \u00ebsht\u00eb pik\u00ebpyetja e madhe q\u00eb po shoq\u00ebron publikun n\u00eb nj\u00eb koh\u00eb kur klipi ka [&hellip;]<\/p>\n","protected":false},"author":2013,"featured_media":0,"comment_status":"open","ping_status":"closed","sticky":false,"template":"","format":"standard","meta":{"footnotes":""},"categories":[241,193],"tags":[],"class_list":{"0":"post-73733","1":"post","2":"type-post","3":"status-publish","4":"format-standard","6":"category-aktualitet","7":"category-showbiz"},"_links":{"self":[{"href":"https:\/\/zjarr.tv\/sq\/wp-json\/wp\/v2\/posts\/73733","targetHints":{"allow":["GET"]}}],"collection":[{"href":"https:\/\/zjarr.tv\/sq\/wp-json\/wp\/v2\/posts"}],"about":[{"href":"https:\/\/zjarr.tv\/sq\/wp-json\/wp\/v2\/types\/post"}],"author":[{"embeddable":true,"href":"https:\/\/zjarr.tv\/sq\/wp-json\/wp\/v2\/users\/2013"}],"replies":[{"embeddable":true,"href":"https:\/\/zjarr.tv\/sq\/wp-json\/wp\/v2\/comments?post=73733"}],"version-history":[{"count":0,"href":"https:\/\/zjarr.tv\/sq\/wp-json\/wp\/v2\/posts\/73733\/revisions"}],"wp:attachment":[{"href":"https:\/\/zjarr.tv\/sq\/wp-json\/wp\/v2\/media?parent=73733"}],"wp:term":[{"taxonomy":"category","embeddable":true,"href":"https:\/\/zjarr.tv\/sq\/wp-json\/wp\/v2\/categories?post=73733"},{"taxonomy":"post_tag","embeddable":true,"href":"https:\/\/zjarr.tv\/sq\/wp-json\/wp\/v2\/tags?post=73733"}],"curies":[{"name":"wp","href":"https:\/\/api.w.org\/{rel}","templated":true}]}}