{"id":73739,"date":"2019-03-13T17:50:24","date_gmt":"2019-03-13T16:50:24","guid":{"rendered":"https:\/\/zjarr.tv\/?p=73739"},"modified":"2019-03-13T17:50:24","modified_gmt":"2019-03-13T16:50:24","slug":"rumania-nenshkron-protokollin-per-anetaresim-e-maqedonise-se-veriut-ne-nato","status":"publish","type":"post","link":"https:\/\/zjarr.tv\/sq\/rumania-nenshkron-protokollin-per-anetaresim-e-maqedonise-se-veriut-ne-nato\/","title":{"rendered":"Rumania\/ N\u00ebnshkron Protokollin p\u00ebr an\u00ebtar\u00ebsim e Maqedonis\u00eb s\u00eb Veriut n\u00eb NATO"},"content":{"rendered":"<p>Sot, n\u00eb Senatin e Rumanis\u00eb u mor vendim unanim me 95 vota p\u00ebr n\u00eb favor t\u00eb ratifikimit t\u00eb Protokollit p\u00ebr an\u00ebtar\u00ebsimin e Republik\u00ebs s\u00eb Maqedonis\u00eb s\u00eb Veriut n\u00eb NATO. Pas votimit, Kryetari Xhaferi u ftua n\u00eb foltore n\u00eb t\u00eb cil\u00ebn u drejtua me fjal\u00ebt p\u00ebrsh\u00ebndet\u00ebse n\u00eb vijim:<\/p>\n<p>\u201cJu fal\u00ebnderoj p\u00ebr ftes\u00ebn t\u00eb jem sot i pranish\u00ebm n\u00eb seanc\u00ebn plenare t\u00eb Senatit t\u00eb Rumanis\u00eb, n\u00eb aktin e ratifikimit t\u00eb Protokollit p\u00ebr an\u00ebtar\u00ebsimin e vendit tim n\u00eb NATO. Edhe nj\u00ebher\u00eb, Rumania e demonstroi p\u00ebrkushtimin e vet, miq\u00ebsin\u00eb dhe mb\u00ebshtetjen ndaj Republik\u00ebs s\u00eb Maqedonis\u00eb s\u00eb Veriut p\u00ebr realizimin e p\u00ebrcaktimit t\u00eb vet euroatlantik, duke mund\u00ebsuar nj\u00eb koherenc\u00eb dhe ardhm\u00ebri t\u00eb p\u00ebrbashk\u00ebt. M\u00eb lejoni q\u00eb sinqerisht t\u00eb fal\u00ebnderoj n\u00eb emrin tim personal, n\u00eb em\u00ebr t\u00eb deputet\u00ebve n\u00eb Kuvendin e Republik\u00ebs s\u00eb Maqedonis\u00eb s\u00eb Veriut dhe n\u00eb em\u00ebr t\u00eb qytetar\u00ebve tan\u00eb, \u00ebsht\u00eb nder q\u00eb jeni miqt\u00eb dhe partner\u00ebt tan\u00eb t\u00eb v\u00ebrtet\u00eb.<\/p>\n<p>Xhaferi nga Bukureshti do t\u00eb shkoj\u00eb n\u00eb Vilnus t\u00eb Lituanis\u00eb ku nes\u00ebr do t\u00eb merr pjes\u00eb n\u00eb ratifikimin e protokollit p\u00ebr an\u00ebtar\u00ebsim t\u00eb Maqedonis\u00eb s\u00eb veriut n\u00eb NATO. \u00cbsht\u00eb parashikuar q\u00eb kryetari i Kuvendit t\u00eb Republik\u00ebs s\u00eb Maqedonis\u00eb s\u00eb Veriut, Talat Xhaferi t\u00eb mbaj\u00eb fjalim para deputet\u00ebve n\u00eb Kuvendin e Lituanis\u00eb. Ndryshe, protokolli p\u00ebr an\u00ebtar\u00ebsim n\u00eb NATO \u00ebsht\u00eb n\u00ebnshkruar m\u00eb\u00a06 shkurt n\u00eb Bruksel, pas zgjidhjes s\u00eb kontestit me Greqin\u00eb p\u00ebr ndryshimin e emrit dhe n\u00ebnshkrimin e Marr\u00ebveshjes s\u00eb Presp\u00ebs. Pasi t\u00eb gjitha vendet an\u00ebtare t\u00eb NATO-s ta ratifikojn\u00eb Protokollin n\u00eb Kuvendet e tyre, Maqedonia e Veriut do t\u00eb b\u00ebhet an\u00ebtarja e 30 e NATO-s.<\/p>\n<p>&nbsp;<\/p>\n<p>&nbsp;<\/p>\n<p>&nbsp;<\/p>\n","protected":false},"excerpt":{"rendered":"<p>Sot, n\u00eb Senatin e Rumanis\u00eb u mor vendim unanim me 95 vota p\u00ebr n\u00eb favor t\u00eb ratifikimit t\u00eb Protokollit p\u00ebr an\u00ebtar\u00ebsimin e Republik\u00ebs s\u00eb Maqedonis\u00eb s\u00eb Veriut n\u00eb NATO. Pas votimit, Kryetari Xhaferi u ftua n\u00eb foltore n\u00eb t\u00eb cil\u00ebn u drejtua me fjal\u00ebt p\u00ebrsh\u00ebndet\u00ebse n\u00eb vijim: \u201cJu fal\u00ebnderoj p\u00ebr ftes\u00ebn t\u00eb jem sot i [&hellip;]<\/p>\n","protected":false},"author":2013,"featured_media":73740,"comment_status":"open","ping_status":"closed","sticky":false,"template":"","format":"standard","meta":{"footnotes":""},"categories":[241,2],"tags":[],"class_list":{"0":"post-73739","1":"post","2":"type-post","3":"status-publish","4":"format-standard","5":"has-post-thumbnail","7":"category-aktualitet","8":"category-rajoni"},"_links":{"self":[{"href":"https:\/\/zjarr.tv\/sq\/wp-json\/wp\/v2\/posts\/73739","targetHints":{"allow":["GET"]}}],"collection":[{"href":"https:\/\/zjarr.tv\/sq\/wp-json\/wp\/v2\/posts"}],"about":[{"href":"https:\/\/zjarr.tv\/sq\/wp-json\/wp\/v2\/types\/post"}],"author":[{"embeddable":true,"href":"https:\/\/zjarr.tv\/sq\/wp-json\/wp\/v2\/users\/2013"}],"replies":[{"embeddable":true,"href":"https:\/\/zjarr.tv\/sq\/wp-json\/wp\/v2\/comments?post=73739"}],"version-history":[{"count":0,"href":"https:\/\/zjarr.tv\/sq\/wp-json\/wp\/v2\/posts\/73739\/revisions"}],"wp:featuredmedia":[{"embeddable":true,"href":"https:\/\/zjarr.tv\/sq\/wp-json\/wp\/v2\/media\/73740"}],"wp:attachment":[{"href":"https:\/\/zjarr.tv\/sq\/wp-json\/wp\/v2\/media?parent=73739"}],"wp:term":[{"taxonomy":"category","embeddable":true,"href":"https:\/\/zjarr.tv\/sq\/wp-json\/wp\/v2\/categories?post=73739"},{"taxonomy":"post_tag","embeddable":true,"href":"https:\/\/zjarr.tv\/sq\/wp-json\/wp\/v2\/tags?post=73739"}],"curies":[{"name":"wp","href":"https:\/\/api.w.org\/{rel}","templated":true}]}}