{"id":73742,"date":"2019-03-13T17:52:34","date_gmt":"2019-03-13T16:52:34","guid":{"rendered":"https:\/\/zjarr.tv\/?p=73742"},"modified":"2019-03-13T17:52:34","modified_gmt":"2019-03-13T16:52:34","slug":"be-britania-problemet-e-brendshme-ti-zgjidhe-vete","status":"publish","type":"post","link":"https:\/\/zjarr.tv\/sq\/be-britania-problemet-e-brendshme-ti-zgjidhe-vete\/","title":{"rendered":"BE: Britania problemet e brendshme ti zgjidh\u00eb vet\u00eb"},"content":{"rendered":"<p>Rreziku p\u00ebr nj\u00eb Brexit &#8216;t\u00eb \u00e7rregullt&#8217; nuk ka qen\u00eb kurr\u00eb m\u00eb i part\u00eb. K\u00ebshtu \u00ebsht\u00eb shprehur kryenegociatori i BE, pasi deputet\u00ebt britanik\u00eb refuzuan p\u00ebr her\u00eb t\u00eb dyt\u00eb marr\u00ebveshjen e Theresa May. Michel Barnier tha se BE &#8220;nuk mund t\u00eb shkoj\u00eb m\u00eb tej&#8221; n\u00eb p\u00ebrpjekjen e saj p\u00ebr t\u00eb bindur deputet\u00ebt p\u00ebr t\u00eb mb\u00ebshtetur kushtet e pranuara t\u00eb daljes nga unioni dhe se \u00ebsht\u00eb Britania q\u00eb mund t\u00eb zgjidh\u00eb bllokimin e Brexit. Deputet\u00ebt britanik\u00eb do votojn\u00eb sot (13 mars) n\u00eb or\u00ebn 19.00 n\u00ebse Britania e Madhe do dal\u00eb nga BE pa nj\u00eb marr\u00ebveshje m\u00eb 29 mars. Votimi vjen pas disfat\u00ebs s\u00eb dyt\u00eb radhazi q\u00eb qeveria e kryeministres Tereza May p\u00ebsoi mbr\u00ebmjen e s\u00eb mart\u00ebs, kur 391 ligjv\u00ebn\u00ebs votuan p\u00ebr rr\u00ebzimin e paktit t\u00eb propozuar prej saj p\u00ebr Brexit, kundrejt 242 q\u00eb votuan n\u00eb favor.<\/p>\n<p>&nbsp;<\/p>\n","protected":false},"excerpt":{"rendered":"<p>Rreziku p\u00ebr nj\u00eb Brexit &#8216;t\u00eb \u00e7rregullt&#8217; nuk ka qen\u00eb kurr\u00eb m\u00eb i part\u00eb. K\u00ebshtu \u00ebsht\u00eb shprehur kryenegociatori i BE, pasi deputet\u00ebt britanik\u00eb refuzuan p\u00ebr her\u00eb t\u00eb dyt\u00eb marr\u00ebveshjen e Theresa May. Michel Barnier tha se BE &#8220;nuk mund t\u00eb shkoj\u00eb m\u00eb tej&#8221; n\u00eb p\u00ebrpjekjen e saj p\u00ebr t\u00eb bindur deputet\u00ebt p\u00ebr t\u00eb mb\u00ebshtetur kushtet e [&hellip;]<\/p>\n","protected":false},"author":2013,"featured_media":51251,"comment_status":"open","ping_status":"closed","sticky":false,"template":"","format":"standard","meta":{"footnotes":""},"categories":[241,191],"tags":[],"class_list":{"0":"post-73742","1":"post","2":"type-post","3":"status-publish","4":"format-standard","5":"has-post-thumbnail","7":"category-aktualitet","8":"category-bota"},"_links":{"self":[{"href":"https:\/\/zjarr.tv\/sq\/wp-json\/wp\/v2\/posts\/73742","targetHints":{"allow":["GET"]}}],"collection":[{"href":"https:\/\/zjarr.tv\/sq\/wp-json\/wp\/v2\/posts"}],"about":[{"href":"https:\/\/zjarr.tv\/sq\/wp-json\/wp\/v2\/types\/post"}],"author":[{"embeddable":true,"href":"https:\/\/zjarr.tv\/sq\/wp-json\/wp\/v2\/users\/2013"}],"replies":[{"embeddable":true,"href":"https:\/\/zjarr.tv\/sq\/wp-json\/wp\/v2\/comments?post=73742"}],"version-history":[{"count":0,"href":"https:\/\/zjarr.tv\/sq\/wp-json\/wp\/v2\/posts\/73742\/revisions"}],"wp:featuredmedia":[{"embeddable":true,"href":"https:\/\/zjarr.tv\/sq\/wp-json\/wp\/v2\/media\/51251"}],"wp:attachment":[{"href":"https:\/\/zjarr.tv\/sq\/wp-json\/wp\/v2\/media?parent=73742"}],"wp:term":[{"taxonomy":"category","embeddable":true,"href":"https:\/\/zjarr.tv\/sq\/wp-json\/wp\/v2\/categories?post=73742"},{"taxonomy":"post_tag","embeddable":true,"href":"https:\/\/zjarr.tv\/sq\/wp-json\/wp\/v2\/tags?post=73742"}],"curies":[{"name":"wp","href":"https:\/\/api.w.org\/{rel}","templated":true}]}}