{"id":73747,"date":"2019-03-13T18:02:28","date_gmt":"2019-03-13T17:02:28","guid":{"rendered":"https:\/\/zjarr.tv\/?p=73747"},"modified":"2019-03-13T18:02:28","modified_gmt":"2019-03-13T17:02:28","slug":"tabaku-rama-ka-tradhtuar-interesin-e-shqiptareve-ne-keto-6-vite","status":"publish","type":"post","link":"https:\/\/zjarr.tv\/sq\/tabaku-rama-ka-tradhtuar-interesin-e-shqiptareve-ne-keto-6-vite\/","title":{"rendered":"Tabaku: Rama ka tradhtuar interesin e shqiptar\u00ebve n\u00eb k\u00ebto 6 vite"},"content":{"rendered":"<p>Ish-deputetja demokrate, Jorida Tabaku, e ka cil\u00ebsuar si parodin\u00eb e radh\u00ebs q\u00eb prodhon qeverisja Rama, shfaqjen e komedis\u00eb q\u00eb prodhoi sot Parlamenti i krimit q\u00eb sipas saj nuk p\u00ebrfaq\u00ebson m\u00eb shqiptar\u00ebt.<\/p>\n<p>\u201cPropaganda e qeveris\u00eb ka r\u00ebn\u00eb, perdja \u00ebsht\u00eb grisur dhe sot parodia n\u00eb kuvend tregoi se n\u00eb fakt ai \u00ebsht\u00eb thjesht parlamenti i krimit dhe nuk p\u00ebrfaq\u00ebson shqiptar\u00ebt! Patericat e krimit nuk mund t\u00eb p\u00ebrfaq\u00ebsojn\u00eb opozit\u00ebn dhe opozitar\u00ebt.\u201d<\/p>\n<p>Tabaku ka akuzuar m\u00eb tej Ram\u00ebn se ka tradhtuar interesin e shqiptar\u00ebve n\u00eb k\u00ebto 6 vite qeverisje, q\u00eb kur n\u00eb parlament solli krimin.<\/p>\n<p>\u201cShqiptar\u00ebt kan\u00eb 6 vite q\u00eb jan\u00eb tradh\u00ebtuar nga Rama. Interesin e shqiptareve e ka tradh\u00ebtuar Rama kur solli krimin n\u00eb kuvend. Shqip\u00ebrin\u00eb e braktisi Rama kur u ul gju m\u00eb gju me krimin e organizuar.<\/p>\n<p>Njeriu q\u00eb rriti taksat e mbylli bizneset dhe njeriu q\u00eb me parat\u00eb e shqiptar\u00ebve blen minutazhin n\u00eb mediat nd\u00ebrkomb\u00ebtare. Interesin e shqiptar\u00ebve e tradhtoi Rama kur dha me koncesion \u00e7do cep t\u00eb Shqip\u00ebris\u00eb, kur miratoi ligje speciale dhe kur del n\u00eb krahun e t\u00eb fortit duke dhunuar t\u00eb dobetin.<\/p>\n<p>Interesin e shqiptar\u00ebve e tradhtoi Rama kur interesin p\u00ebr pushtet e vendos p\u00ebrpara interesit komb\u00ebtar. Tradhtari i v\u00ebrtet\u00eb i shqiptar\u00ebve dhe aspirat\u00ebs p\u00ebr integrimin n\u00eb Europ\u00eb dhe p\u00ebr nj\u00eb demokraci t\u00eb v\u00ebrtet\u00eb \u00ebsht\u00eb njeriu q\u00eb drog\u00ebn, krimin dhe vjedhjen e zgjedhjeve e ka parimin e v\u00ebrtet\u00eb me t\u00eb cilin jeton!<\/p>\n<p>M\u00eb tej Tabaku u k\u00ebrkoi shqiptar\u00ebve q\u00eb ti bashkohen protest\u00ebs s\u00eb madhe t\u00eb opozit\u00ebs q\u00eb do t\u00eb mbahet m\u00eb 16 mars p\u00ebrball\u00eb Kryeministris\u00eb.<\/p>\n<p>\u201cNuk ka m\u00eb koh\u00eb Shqip\u00ebria p\u00ebr t\u00eb humbur me Ram\u00ebn! Nuk ka m\u00eb koh\u00eb Shqip\u00ebria p\u00ebr eksperimente! Nuk kan\u00eb m\u00eb koh\u00eb shqiptar\u00ebt t\u00eb d\u00ebgjojn\u00eb\u00a0 lajkat e atyre q\u00eb i b\u00ebjn\u00eb fresk kryeministrit p\u00ebr nj\u00eb tender. Nuk kan\u00eb koh\u00eb shqiptar\u00ebt t\u00eb d\u00ebgjojn\u00eb lavdet p\u00ebr kryeministrin ne largim. Pasi ata meritojn\u00eb m\u00eb shum\u00eb se tradhtar\u00ebt dhe ato q\u00eb i friken qeveris\u00eb. M\u00eb 16 Mars p\u00ebr t\u00eb rikthyer shpres\u00ebn!-shkruan Tabaku.<\/p>\n<p>&nbsp;<\/p>\n","protected":false},"excerpt":{"rendered":"<p>Ish-deputetja demokrate, Jorida Tabaku, e ka cil\u00ebsuar si parodin\u00eb e radh\u00ebs q\u00eb prodhon qeverisja Rama, shfaqjen e komedis\u00eb q\u00eb prodhoi sot Parlamenti i krimit q\u00eb sipas saj nuk p\u00ebrfaq\u00ebson m\u00eb shqiptar\u00ebt. \u201cPropaganda e qeveris\u00eb ka r\u00ebn\u00eb, perdja \u00ebsht\u00eb grisur dhe sot parodia n\u00eb kuvend tregoi se n\u00eb fakt ai \u00ebsht\u00eb thjesht parlamenti i krimit dhe [&hellip;]<\/p>\n","protected":false},"author":2013,"featured_media":69477,"comment_status":"open","ping_status":"closed","sticky":false,"template":"","format":"standard","meta":{"footnotes":""},"categories":[241,235],"tags":[],"class_list":{"0":"post-73747","1":"post","2":"type-post","3":"status-publish","4":"format-standard","5":"has-post-thumbnail","7":"category-aktualitet","8":"category-vendi"},"_links":{"self":[{"href":"https:\/\/zjarr.tv\/sq\/wp-json\/wp\/v2\/posts\/73747","targetHints":{"allow":["GET"]}}],"collection":[{"href":"https:\/\/zjarr.tv\/sq\/wp-json\/wp\/v2\/posts"}],"about":[{"href":"https:\/\/zjarr.tv\/sq\/wp-json\/wp\/v2\/types\/post"}],"author":[{"embeddable":true,"href":"https:\/\/zjarr.tv\/sq\/wp-json\/wp\/v2\/users\/2013"}],"replies":[{"embeddable":true,"href":"https:\/\/zjarr.tv\/sq\/wp-json\/wp\/v2\/comments?post=73747"}],"version-history":[{"count":0,"href":"https:\/\/zjarr.tv\/sq\/wp-json\/wp\/v2\/posts\/73747\/revisions"}],"wp:featuredmedia":[{"embeddable":true,"href":"https:\/\/zjarr.tv\/sq\/wp-json\/wp\/v2\/media\/69477"}],"wp:attachment":[{"href":"https:\/\/zjarr.tv\/sq\/wp-json\/wp\/v2\/media?parent=73747"}],"wp:term":[{"taxonomy":"category","embeddable":true,"href":"https:\/\/zjarr.tv\/sq\/wp-json\/wp\/v2\/categories?post=73747"},{"taxonomy":"post_tag","embeddable":true,"href":"https:\/\/zjarr.tv\/sq\/wp-json\/wp\/v2\/tags?post=73747"}],"curies":[{"name":"wp","href":"https:\/\/api.w.org\/{rel}","templated":true}]}}