{"id":73750,"date":"2019-03-13T18:16:16","date_gmt":"2019-03-13T17:16:16","guid":{"rendered":"https:\/\/zjarr.tv\/?p=73750"},"modified":"2019-03-13T18:16:16","modified_gmt":"2019-03-13T17:16:16","slug":"universiteti-bujqesor-qeveria-jep-1-mln-dollare-per-ndertimin-e-nje-ferme-eksperimentale","status":"publish","type":"post","link":"https:\/\/zjarr.tv\/sq\/universiteti-bujqesor-qeveria-jep-1-mln-dollare-per-ndertimin-e-nje-ferme-eksperimentale\/","title":{"rendered":"Universiteti Bujq\u00ebsor\/ Qeveria jep 1 mln dollar\u00eb p\u00ebr nd\u00ebrtimin e nj\u00eb ferme eksperimentale"},"content":{"rendered":"<p>Universiteti Bujq\u00ebsor i Tiran\u00ebs shum\u00eb shpejt do t\u00eb ket\u00eb ferm\u00ebn e tij eksperimentale q\u00eb do t\u00eb vihet n\u00eb dispozicion t\u00eb student\u00ebve q\u00eb studiojn\u00eb atje. Vendimi \u00ebsht\u00eb marr\u00eb n\u00eb mbledhjen e sotme t\u00eb qeveris\u00eb, ku \u00ebsht\u00eb miratuar fondi prej 1 milion dollar\u00ebsh p\u00ebr ngritjen e ferm\u00ebs me sip\u00ebrfaqe 135 hektar\u00eb.<\/p>\n<p><em>Bledi \u00c7u\u00e7i:\u00a0Nj\u00eb dit\u00eb pas nisjes s\u00eb pun\u00ebs n\u00eb administrat\u00ebn publike t\u00eb 871 student\u00ebve ekselent\u00eb, nga t\u00eb cil\u00ebt 31do t\u00eb jen\u00eb pjes\u00eb e Ministris\u00eb s\u00eb Bujq\u00ebsis\u00eb, kemi sot p\u00ebr t\u00eb ndar\u00eb bashkarisht nj\u00eb tjet\u00ebr zhvillim pozitiv n\u00eb kuad\u00ebr t\u00eb angazhimeve q\u00eb kemi marr\u00eb p\u00ebr Paktin e Universitetit.N\u00eb mbledhjen e K\u00ebshillit t\u00eb Ministrave miratuam vendimin p\u00ebr ti kaluar Univeristetit Bujq\u00ebsor t\u00eb Tiran\u00ebs fondin prej 1 milion dollar\u00eb p\u00ebr financimin e ferm\u00ebs eksperimentale, didaktike t\u00eb k\u00ebtij Universiteti. Ferma me sip\u00ebrfaqe 135 hektar\u00eb \u00ebsht\u00eb nj\u00eb sip\u00ebrmarrje q\u00eb b\u00ebhet p\u00ebr her\u00eb t\u00eb par\u00eb n\u00eb vendin ton\u00eb.<\/em><\/p>\n<p>&nbsp;<\/p>\n","protected":false},"excerpt":{"rendered":"<p>Universiteti Bujq\u00ebsor i Tiran\u00ebs shum\u00eb shpejt do t\u00eb ket\u00eb ferm\u00ebn e tij eksperimentale q\u00eb do t\u00eb vihet n\u00eb dispozicion t\u00eb student\u00ebve q\u00eb studiojn\u00eb atje. Vendimi \u00ebsht\u00eb marr\u00eb n\u00eb mbledhjen e sotme t\u00eb qeveris\u00eb, ku \u00ebsht\u00eb miratuar fondi prej 1 milion dollar\u00ebsh p\u00ebr ngritjen e ferm\u00ebs me sip\u00ebrfaqe 135 hektar\u00eb. Bledi \u00c7u\u00e7i:\u00a0Nj\u00eb dit\u00eb pas nisjes s\u00eb [&hellip;]<\/p>\n","protected":false},"author":2013,"featured_media":0,"comment_status":"open","ping_status":"closed","sticky":false,"template":"","format":"standard","meta":{"footnotes":""},"categories":[241,235],"tags":[],"class_list":{"0":"post-73750","1":"post","2":"type-post","3":"status-publish","4":"format-standard","6":"category-aktualitet","7":"category-vendi"},"_links":{"self":[{"href":"https:\/\/zjarr.tv\/sq\/wp-json\/wp\/v2\/posts\/73750","targetHints":{"allow":["GET"]}}],"collection":[{"href":"https:\/\/zjarr.tv\/sq\/wp-json\/wp\/v2\/posts"}],"about":[{"href":"https:\/\/zjarr.tv\/sq\/wp-json\/wp\/v2\/types\/post"}],"author":[{"embeddable":true,"href":"https:\/\/zjarr.tv\/sq\/wp-json\/wp\/v2\/users\/2013"}],"replies":[{"embeddable":true,"href":"https:\/\/zjarr.tv\/sq\/wp-json\/wp\/v2\/comments?post=73750"}],"version-history":[{"count":0,"href":"https:\/\/zjarr.tv\/sq\/wp-json\/wp\/v2\/posts\/73750\/revisions"}],"wp:attachment":[{"href":"https:\/\/zjarr.tv\/sq\/wp-json\/wp\/v2\/media?parent=73750"}],"wp:term":[{"taxonomy":"category","embeddable":true,"href":"https:\/\/zjarr.tv\/sq\/wp-json\/wp\/v2\/categories?post=73750"},{"taxonomy":"post_tag","embeddable":true,"href":"https:\/\/zjarr.tv\/sq\/wp-json\/wp\/v2\/tags?post=73750"}],"curies":[{"name":"wp","href":"https:\/\/api.w.org\/{rel}","templated":true}]}}