{"id":73758,"date":"2019-03-13T18:21:19","date_gmt":"2019-03-13T17:21:19","guid":{"rendered":"https:\/\/zjarr.tv\/?p=73758"},"modified":"2019-03-13T18:21:19","modified_gmt":"2019-03-13T17:21:19","slug":"real-madrid-interes-per-sulmuesin-e-seria-a","status":"publish","type":"post","link":"https:\/\/zjarr.tv\/sq\/real-madrid-interes-per-sulmuesin-e-seria-a\/","title":{"rendered":"Real Madrid, interes p\u00ebr sulmuesin e Seria A"},"content":{"rendered":"<p>Real Madrid ka shfaqur interes p\u00ebr sulmuesin e Interit, Mauro Icardi i cili koh\u00ebt e fundit i ka prishur marr\u00ebdh\u00ebniet me drejtuesit e ekipit zikalt\u00ebr. P\u00ebr afrimin e 26 vje\u00e7arit n\u00eb &#8221;Santiago Bernabeu&#8221;, skuadra spanjolle duhet t\u00eb shpenzoj\u00eb rreth 80 milion\u00eb Euro p\u00ebr sh\u00ebrbimet e argjentinasit. Sipas mediave italiane drejtuesit e klubit madrilen kan\u00eb pasur nj\u00eb takim kok\u00eb m\u00eb kok\u00eb me agjenten e Icardit, Wanda Nara. N\u00eb gar\u00eb p\u00ebr sh\u00ebrbimet e Icardit jan\u00eb edhe ekipet e Seria A, \u00a0Napoli dhe Juventus q\u00eb prej koh\u00ebsh i kan\u00eb ofruar 9 milion\u00eb eurosh p\u00ebr \u00a0sezone plus shp\u00ebrblime.<\/p>\n<p>Me rikthimin e Zidane, presidenti i klubit, Fiorentino Perez bashk\u00eb me bordin drejtues k\u00ebrkojn\u00eb t\u00eb afrojn\u00eb futbollist\u00eb t\u00eb rinj n\u00eb kryeqytetin spanjoll, p\u00ebr t&#8217;i sjell\u00eb freskin\u00eb dhe energjin\u00eb e munguar ekipit t\u00eb tyre. Gjithashtu agjentja e Wanda Nara nuk p\u00ebrjashtoi dhe nj\u00eb kontrat\u00eb t\u00eb re me Interin. Duke par\u00eb kaosin q\u00eb po ndodh mes Icardit dhe bordit drejtues t\u00eb Interit, Reali pritet t\u00eb hidhet n\u00eb sulm p\u00ebr ta rr\u00ebmbyer argjentinasin \u00a0n\u00eb merkaton e k\u00ebsaj vere.<\/p>\n<p>&nbsp;<\/p>\n","protected":false},"excerpt":{"rendered":"<p>Real Madrid ka shfaqur interes p\u00ebr sulmuesin e Interit, Mauro Icardi i cili koh\u00ebt e fundit i ka prishur marr\u00ebdh\u00ebniet me drejtuesit e ekipit zikalt\u00ebr. P\u00ebr afrimin e 26 vje\u00e7arit n\u00eb &#8221;Santiago Bernabeu&#8221;, skuadra spanjolle duhet t\u00eb shpenzoj\u00eb rreth 80 milion\u00eb Euro p\u00ebr sh\u00ebrbimet e argjentinasit. Sipas mediave italiane drejtuesit e klubit madrilen kan\u00eb pasur [&hellip;]<\/p>\n","protected":false},"author":2013,"featured_media":73759,"comment_status":"open","ping_status":"closed","sticky":false,"template":"","format":"standard","meta":{"footnotes":""},"categories":[241,192],"tags":[],"class_list":{"0":"post-73758","1":"post","2":"type-post","3":"status-publish","4":"format-standard","5":"has-post-thumbnail","7":"category-aktualitet","8":"category-sport"},"_links":{"self":[{"href":"https:\/\/zjarr.tv\/sq\/wp-json\/wp\/v2\/posts\/73758","targetHints":{"allow":["GET"]}}],"collection":[{"href":"https:\/\/zjarr.tv\/sq\/wp-json\/wp\/v2\/posts"}],"about":[{"href":"https:\/\/zjarr.tv\/sq\/wp-json\/wp\/v2\/types\/post"}],"author":[{"embeddable":true,"href":"https:\/\/zjarr.tv\/sq\/wp-json\/wp\/v2\/users\/2013"}],"replies":[{"embeddable":true,"href":"https:\/\/zjarr.tv\/sq\/wp-json\/wp\/v2\/comments?post=73758"}],"version-history":[{"count":0,"href":"https:\/\/zjarr.tv\/sq\/wp-json\/wp\/v2\/posts\/73758\/revisions"}],"wp:featuredmedia":[{"embeddable":true,"href":"https:\/\/zjarr.tv\/sq\/wp-json\/wp\/v2\/media\/73759"}],"wp:attachment":[{"href":"https:\/\/zjarr.tv\/sq\/wp-json\/wp\/v2\/media?parent=73758"}],"wp:term":[{"taxonomy":"category","embeddable":true,"href":"https:\/\/zjarr.tv\/sq\/wp-json\/wp\/v2\/categories?post=73758"},{"taxonomy":"post_tag","embeddable":true,"href":"https:\/\/zjarr.tv\/sq\/wp-json\/wp\/v2\/tags?post=73758"}],"curies":[{"name":"wp","href":"https:\/\/api.w.org\/{rel}","templated":true}]}}