{"id":73761,"date":"2019-03-13T18:24:10","date_gmt":"2019-03-13T17:24:10","guid":{"rendered":"https:\/\/zjarr.tv\/?p=73761"},"modified":"2019-03-13T18:24:10","modified_gmt":"2019-03-13T17:24:10","slug":"5-vjecarja-ne-kushte-ekstreme-tmerrohet-nga-uji-nuk-flet-dhe-nuk-ka-fjetur-kurre-ne-krevat","status":"publish","type":"post","link":"https:\/\/zjarr.tv\/sq\/5-vjecarja-ne-kushte-ekstreme-tmerrohet-nga-uji-nuk-flet-dhe-nuk-ka-fjetur-kurre-ne-krevat\/","title":{"rendered":"5-vje\u00e7arja n\u00eb kushte ekstreme\/ Tmerrohet nga uji, nuk flet dhe nuk ka fjetur kurr\u00eb n\u00eb krevat"},"content":{"rendered":"<p>Nj\u00eb vajz\u00eb 5-vje\u00e7are nga Rusia ka shp\u00ebtuar nga kushtet ekstreme n\u00eb t\u00eb cilat jetonte. Mjek\u00ebt e shqet\u00ebsuar n\u00eb Mosk\u00eb thon\u00eb se vog\u00eblushja e quajtur Lyubox nuk mund t\u00eb flas\u00eb dhe nuk ka par\u00eb kurr\u00eb fruta, as nuk ka fjetur n\u00eb krevat dhe \u00ebsht\u00eb e tmerruar nga uji. N\u00ebna e saj, Irina Garashchenko insiston e e ka rritur n\u00eb kushte shum\u00eb t\u00eb mir\u00eb dhe e ka mbajtur gjithmon\u00eb apartamentin e past\u00ebr. 47-vje\u00e7arja e arsimuar me shkoll\u00eb t\u00eb lart\u00eb ka dy muaj q\u00eb q\u00ebndron pas hekurave dhe pret q\u00eb t\u00eb marr\u00eb vendimin.<\/p>\n<p><em>\u201cNuk mund t\u00eb jet\u00eb e v\u00ebrtet\u00eb. Nuk e di \u00e7far\u00eb ka ndodhur n\u00eb apartament. Hetuesi m\u00eb tha se kisha q\u00ebllim ta \u00e7oja vajz\u00ebn n\u00eb vet\u00ebvrasje. Por un\u00eb jam n\u00ebna e saj, un\u00eb e linda at\u00eb kur isha 41 vje\u00e7e. P\u00ebr 5 vite e gjysm\u00eb un\u00eb e rrita. Sigurisht q\u00eb e dua. Nuk do ta lija kurr\u00eb\u201d<\/em>, tha ajo p\u00ebr policin\u00eb.<\/p>\n<p>Vajza u gjet n\u00eb kushte shokuese, t\u00eb cil\u00ebn fqinj\u00ebt thon\u00eb se nuk e kan\u00eb par\u00eb q\u00eb kur ishte foshnje. Thuhet se nuk ka dal\u00eb prej sht\u00ebpis\u00eb prej vitesh dhe n\u00ebna nuk kujdesej aspak p\u00ebr t\u00eb. N\u00ebse d\u00ebnohet, mund t\u00eb p\u00ebrballet me 15 vjet burg, por pretendon se dikush ka organizuar nj\u00eb kurth p\u00ebr t\u00eb.<\/p>\n<p>&nbsp;<\/p>\n","protected":false},"excerpt":{"rendered":"<p>Nj\u00eb vajz\u00eb 5-vje\u00e7are nga Rusia ka shp\u00ebtuar nga kushtet ekstreme n\u00eb t\u00eb cilat jetonte. Mjek\u00ebt e shqet\u00ebsuar n\u00eb Mosk\u00eb thon\u00eb se vog\u00eblushja e quajtur Lyubox nuk mund t\u00eb flas\u00eb dhe nuk ka par\u00eb kurr\u00eb fruta, as nuk ka fjetur n\u00eb krevat dhe \u00ebsht\u00eb e tmerruar nga uji. N\u00ebna e saj, Irina Garashchenko insiston e e [&hellip;]<\/p>\n","protected":false},"author":2013,"featured_media":73762,"comment_status":"open","ping_status":"closed","sticky":false,"template":"","format":"standard","meta":{"footnotes":""},"categories":[241,191],"tags":[],"class_list":{"0":"post-73761","1":"post","2":"type-post","3":"status-publish","4":"format-standard","5":"has-post-thumbnail","7":"category-aktualitet","8":"category-bota"},"_links":{"self":[{"href":"https:\/\/zjarr.tv\/sq\/wp-json\/wp\/v2\/posts\/73761","targetHints":{"allow":["GET"]}}],"collection":[{"href":"https:\/\/zjarr.tv\/sq\/wp-json\/wp\/v2\/posts"}],"about":[{"href":"https:\/\/zjarr.tv\/sq\/wp-json\/wp\/v2\/types\/post"}],"author":[{"embeddable":true,"href":"https:\/\/zjarr.tv\/sq\/wp-json\/wp\/v2\/users\/2013"}],"replies":[{"embeddable":true,"href":"https:\/\/zjarr.tv\/sq\/wp-json\/wp\/v2\/comments?post=73761"}],"version-history":[{"count":0,"href":"https:\/\/zjarr.tv\/sq\/wp-json\/wp\/v2\/posts\/73761\/revisions"}],"wp:featuredmedia":[{"embeddable":true,"href":"https:\/\/zjarr.tv\/sq\/wp-json\/wp\/v2\/media\/73762"}],"wp:attachment":[{"href":"https:\/\/zjarr.tv\/sq\/wp-json\/wp\/v2\/media?parent=73761"}],"wp:term":[{"taxonomy":"category","embeddable":true,"href":"https:\/\/zjarr.tv\/sq\/wp-json\/wp\/v2\/categories?post=73761"},{"taxonomy":"post_tag","embeddable":true,"href":"https:\/\/zjarr.tv\/sq\/wp-json\/wp\/v2\/tags?post=73761"}],"curies":[{"name":"wp","href":"https:\/\/api.w.org\/{rel}","templated":true}]}}