{"id":73778,"date":"2019-03-14T11:50:38","date_gmt":"2019-03-14T10:50:38","guid":{"rendered":"https:\/\/zjarr.tv\/?p=73778"},"modified":"2019-03-14T11:50:38","modified_gmt":"2019-03-14T10:50:38","slug":"britania-e-madhe-voton-per-shtyrjen-e-brexit","status":"publish","type":"post","link":"https:\/\/zjarr.tv\/sq\/britania-e-madhe-voton-per-shtyrjen-e-brexit\/","title":{"rendered":"Britania e Madhe voton p\u00ebr shtyrjen e &#8220;Brexit&#8221;"},"content":{"rendered":"<p><em>Britania e Madhe p\u00ebrgatitet sot q\u00eb t\u00eb mbaj\u00eb nj\u00eb tjet\u00ebr votim vendimtar n\u00eb parlament, ku ligjv\u00ebn\u00ebsit do t\u00eb pyeten n\u00ebse e pranojn\u00eb shtyrjen me disa muaj t\u00eb procesit Brexit. N\u00eb dy dit\u00ebt e m\u00ebparshme, deputet\u00ebt n\u00eb shumic\u00eb i kan\u00eb hedhur posht\u00eb propozimet e qeveris\u00eb. Opozita k\u00ebrkon tanim\u00eb q\u00eb parlamenti t\u00eb marr\u00eb n\u00ebn kontroll negociatat p\u00ebr Brexit.<\/em><\/p>\n<p>Parlamenti britanik s\u00ebrish e ka refuzuar nj\u00eb propozim t\u00eb kryeministres Tereza Mej p\u00ebr ta nxjerr\u00eb vendin nga Bashkimi Europian edhe pa nj\u00eb marr\u00ebveshje-korniz\u00eb. Ky vendim i ka hapur rrug\u00ebn nj\u00eb tjet\u00ebr votimi q\u00eb do t\u00eb mbahet mbr\u00ebmjen e sotme, ku deputet\u00ebt do t\u00eb duhet t\u00eb votojn\u00eb p\u00ebr shtyrjen me disa muaj t\u00eb procesit t\u00eb Brexit. Mocioni i parashtruar nga konservator\u00ebt u kund\u00ebrshtua t\u00eb m\u00ebrkur\u00ebn me vet\u00ebm kat\u00ebr vota m\u00eb shum\u00eb nga 312 ligjv\u00ebn\u00ebs t\u00eb opozit\u00ebs dhe maxhoranc\u00ebs politike. Propozimi nuk \u00ebsht\u00eb ligj\u00ebrisht i detyruesh\u00ebm, ndaj qeveria p\u00ebrs\u00ebri mund ta largoj\u00eb vendin nga unioni n\u00eb dat\u00ebn 29 mars.<\/p>\n<p>Kryeministrja Mej apeloi deputet\u00ebt se kan\u00eb ende mund\u00ebsi q\u00eb ta mb\u00ebshtetin marr\u00ebveshjen e saj fillestare me Bashkimin Europian brenda dat\u00ebs 20 mars.Kjo, sipas saj, do t\u00eb shmangte zgjatjen e procesit p\u00ebrtej muajit majit dhe futjen e pashmangshme ne zgjedhjet parlamentare q\u00eb BE ka planifikuar n\u00eb at\u00eb periudh\u00eb. Lideri laburist i opozit\u00ebs, Xheremi Korbin, tha se parlamenti p\u00ebr t\u00eb disat\u00ebn her\u00eb vijon t\u00eb kund\u00ebrshtoj\u00eb propozimet e kabinetit. Ai propozoi q\u00eb negociatat p\u00ebr Brexit tanim\u00eb t\u00eb udh\u00ebhiqen nga parlamenti, dhe u zotua q\u00eb partia e tij t\u00eb punoj\u00eb n\u00eb m\u00ebnyr\u00eb bipartizane p\u00ebr t\u00eb siguruar nj\u00eb zgjidhje t\u00eb ng\u00ebr\u00e7it. Edhe Komisioni Europian reagoi t\u00eb m\u00ebrkur\u00ebn pas votimit parlamentar.<\/p>\n<p>Organi ekzekutiv i Europ\u00ebs tha se p\u00ebrjashtimi i Brexit pa marr\u00ebveshje \u00ebsht\u00eb hapi i duhur por jo i mjaftuesh\u00ebm, dhe se ajo p\u00ebr t\u00eb cil\u00ebn ligjv\u00ebn\u00ebsit britanik\u00eb duhet t\u00eb bien dakord \u00ebsht\u00eb vet\u00ebm marr\u00ebveshja q\u00eb BE ka propozuar.<\/p>\n<p>&nbsp;<\/p>\n","protected":false},"excerpt":{"rendered":"<p>Britania e Madhe p\u00ebrgatitet sot q\u00eb t\u00eb mbaj\u00eb nj\u00eb tjet\u00ebr votim vendimtar n\u00eb parlament, ku ligjv\u00ebn\u00ebsit do t\u00eb pyeten n\u00ebse e pranojn\u00eb shtyrjen me disa muaj t\u00eb procesit Brexit. N\u00eb dy dit\u00ebt e m\u00ebparshme, deputet\u00ebt n\u00eb shumic\u00eb i kan\u00eb hedhur posht\u00eb propozimet e qeveris\u00eb. Opozita k\u00ebrkon tanim\u00eb q\u00eb parlamenti t\u00eb marr\u00eb n\u00ebn kontroll negociatat p\u00ebr [&hellip;]<\/p>\n","protected":false},"author":2013,"featured_media":54357,"comment_status":"open","ping_status":"closed","sticky":false,"template":"","format":"standard","meta":{"footnotes":""},"categories":[241,191],"tags":[],"class_list":{"0":"post-73778","1":"post","2":"type-post","3":"status-publish","4":"format-standard","5":"has-post-thumbnail","7":"category-aktualitet","8":"category-bota"},"_links":{"self":[{"href":"https:\/\/zjarr.tv\/sq\/wp-json\/wp\/v2\/posts\/73778","targetHints":{"allow":["GET"]}}],"collection":[{"href":"https:\/\/zjarr.tv\/sq\/wp-json\/wp\/v2\/posts"}],"about":[{"href":"https:\/\/zjarr.tv\/sq\/wp-json\/wp\/v2\/types\/post"}],"author":[{"embeddable":true,"href":"https:\/\/zjarr.tv\/sq\/wp-json\/wp\/v2\/users\/2013"}],"replies":[{"embeddable":true,"href":"https:\/\/zjarr.tv\/sq\/wp-json\/wp\/v2\/comments?post=73778"}],"version-history":[{"count":0,"href":"https:\/\/zjarr.tv\/sq\/wp-json\/wp\/v2\/posts\/73778\/revisions"}],"wp:featuredmedia":[{"embeddable":true,"href":"https:\/\/zjarr.tv\/sq\/wp-json\/wp\/v2\/media\/54357"}],"wp:attachment":[{"href":"https:\/\/zjarr.tv\/sq\/wp-json\/wp\/v2\/media?parent=73778"}],"wp:term":[{"taxonomy":"category","embeddable":true,"href":"https:\/\/zjarr.tv\/sq\/wp-json\/wp\/v2\/categories?post=73778"},{"taxonomy":"post_tag","embeddable":true,"href":"https:\/\/zjarr.tv\/sq\/wp-json\/wp\/v2\/tags?post=73778"}],"curies":[{"name":"wp","href":"https:\/\/api.w.org\/{rel}","templated":true}]}}