{"id":73783,"date":"2019-03-14T12:22:09","date_gmt":"2019-03-14T11:22:09","guid":{"rendered":"https:\/\/zjarr.tv\/?p=73783"},"modified":"2019-03-14T12:22:09","modified_gmt":"2019-03-14T11:22:09","slug":"kukes-paloka-kerkon-pjesemarrje-masive-ne-16-mars","status":"publish","type":"post","link":"https:\/\/zjarr.tv\/sq\/kukes-paloka-kerkon-pjesemarrje-masive-ne-16-mars\/","title":{"rendered":"Kuk\u00ebs\/ Paloka  k\u00ebrkon pjes\u00ebmarrje masive n\u00eb 16 mars"},"content":{"rendered":"<p>Partia Demokratike ka zhvilluar nj\u00eb takim me strukturat e deg\u00ebs n\u00eb Kuk\u00ebs. N\u00eb qend\u00ebr t\u00eb diskutimeve ishin p\u00ebrgatitjet p\u00ebr protest\u00ebn e 16 marsit dhe masat q\u00eb do merren p\u00ebr nj\u00eb pjes\u00ebmarrje sa m\u00eb t\u00eb lart\u00eb. I d\u00ebrguari i PD, Edi Paloka n\u00eb nj\u00eb prononcim p\u00ebr mediat u shpreh se pjes\u00ebmarrja e demokrat\u00ebve kuksian\u00eb n\u00eb protest\u00eb \u00ebsht\u00eb e r\u00ebnd\u00ebsishme. Paloka komentoi edhe pranimin e mandatit t\u00eb deputetit n\u00eb qarkun e Kuk\u00ebsit, Alban Zeneli. Ai nd\u00ebr t\u00eb tjera shtoi se opozita q\u00eb po p\u00ebrpiqet t\u00eb krijohet, nuk \u00ebsht\u00eb opozit\u00eb dhe se, sipas tij, parlamenti tashm\u00eb e ka humbur seriozitetin.<\/p>\n<p>&nbsp;<\/p>\n","protected":false},"excerpt":{"rendered":"<p>Partia Demokratike ka zhvilluar nj\u00eb takim me strukturat e deg\u00ebs n\u00eb Kuk\u00ebs. N\u00eb qend\u00ebr t\u00eb diskutimeve ishin p\u00ebrgatitjet p\u00ebr protest\u00ebn e 16 marsit dhe masat q\u00eb do merren p\u00ebr nj\u00eb pjes\u00ebmarrje sa m\u00eb t\u00eb lart\u00eb. I d\u00ebrguari i PD, Edi Paloka n\u00eb nj\u00eb prononcim p\u00ebr mediat u shpreh se pjes\u00ebmarrja e demokrat\u00ebve kuksian\u00eb n\u00eb protest\u00eb [&hellip;]<\/p>\n","protected":false},"author":2013,"featured_media":0,"comment_status":"open","ping_status":"closed","sticky":false,"template":"","format":"standard","meta":{"footnotes":""},"categories":[241,235],"tags":[],"class_list":{"0":"post-73783","1":"post","2":"type-post","3":"status-publish","4":"format-standard","6":"category-aktualitet","7":"category-vendi"},"_links":{"self":[{"href":"https:\/\/zjarr.tv\/sq\/wp-json\/wp\/v2\/posts\/73783","targetHints":{"allow":["GET"]}}],"collection":[{"href":"https:\/\/zjarr.tv\/sq\/wp-json\/wp\/v2\/posts"}],"about":[{"href":"https:\/\/zjarr.tv\/sq\/wp-json\/wp\/v2\/types\/post"}],"author":[{"embeddable":true,"href":"https:\/\/zjarr.tv\/sq\/wp-json\/wp\/v2\/users\/2013"}],"replies":[{"embeddable":true,"href":"https:\/\/zjarr.tv\/sq\/wp-json\/wp\/v2\/comments?post=73783"}],"version-history":[{"count":0,"href":"https:\/\/zjarr.tv\/sq\/wp-json\/wp\/v2\/posts\/73783\/revisions"}],"wp:attachment":[{"href":"https:\/\/zjarr.tv\/sq\/wp-json\/wp\/v2\/media?parent=73783"}],"wp:term":[{"taxonomy":"category","embeddable":true,"href":"https:\/\/zjarr.tv\/sq\/wp-json\/wp\/v2\/categories?post=73783"},{"taxonomy":"post_tag","embeddable":true,"href":"https:\/\/zjarr.tv\/sq\/wp-json\/wp\/v2\/tags?post=73783"}],"curies":[{"name":"wp","href":"https:\/\/api.w.org\/{rel}","templated":true}]}}