{"id":73785,"date":"2019-03-14T12:22:03","date_gmt":"2019-03-14T11:22:03","guid":{"rendered":"https:\/\/zjarr.tv\/?p=73785"},"modified":"2019-03-14T12:22:03","modified_gmt":"2019-03-14T11:22:03","slug":"dita-e-veres-rama-lala-e-feston-ne-14-luli-ne-16-ndersa-lali-e-feston-ne-17","status":"publish","type":"post","link":"https:\/\/zjarr.tv\/sq\/dita-e-veres-rama-lala-e-feston-ne-14-luli-ne-16-ndersa-lali-e-feston-ne-17\/","title":{"rendered":"Dita e Ver\u00ebs, Rama: Lala e feston n\u00eb 14, Luli n\u00eb 16, nd\u00ebrsa lali e feston n\u00eb 17"},"content":{"rendered":"<p>Gjat\u00eb k\u00ebsaj Dite Vere, si Kryeministri Edi Rama edhe kryedemokrati Lulzim Basha jan\u00eb ndalur n\u00eb Elbasan.<\/p>\n<p>Kreu i qeveris\u00eb i shoq\u00ebruar nga deputeti i qarkut Taulant Balla dhe kryebashkiaku Qazim Sejdini, jan\u00eb ndalur n\u00eb aktivitete t\u00eb ndryshme.<\/p>\n<p>Nd\u00ebrkoh\u00eb gjat\u00eb nj\u00eb ndalese shkurt p\u00ebr mediat, Rama ka uruar \u201cG\u00ebzuar dit\u00ebn e Ver\u00ebs, k\u00ebt\u00eb vit \u00ebsht\u00eb e ve\u00e7ant\u00eb se Lala e feston n\u00eb 14, Luli e feston n\u00eb 16, nd\u00ebrsa lali e feston n\u00eb dat\u00ebn 17\u201d.<\/p>\n<p>Sakaq kryetari i Partis\u00eb Demokratike, Lulzim Basha zhvilloi takime me disa qytetar\u00eb dhe p\u00ebrfaq\u00ebsues t\u00eb biznesit.<\/p>\n<p>Krahas urimit, Basha nuk harroi q\u00eb ti ftonte elbasanllinjt\u00eb n\u00eb protest\u00ebn e 16 marsit n\u00eb Tiran\u00eb.<\/p>\n","protected":false},"excerpt":{"rendered":"<p>Gjat\u00eb k\u00ebsaj Dite Vere, si Kryeministri Edi Rama edhe kryedemokrati Lulzim Basha jan\u00eb ndalur n\u00eb Elbasan. Kreu i qeveris\u00eb i shoq\u00ebruar nga deputeti i qarkut Taulant Balla dhe kryebashkiaku Qazim Sejdini, jan\u00eb ndalur n\u00eb aktivitete t\u00eb ndryshme. Nd\u00ebrkoh\u00eb gjat\u00eb nj\u00eb ndalese shkurt p\u00ebr mediat, Rama ka uruar \u201cG\u00ebzuar dit\u00ebn e Ver\u00ebs, k\u00ebt\u00eb vit \u00ebsht\u00eb e [&hellip;]<\/p>\n","protected":false},"author":4,"featured_media":73786,"comment_status":"open","ping_status":"closed","sticky":false,"template":"","format":"standard","meta":{"footnotes":""},"categories":[241,231,235],"tags":[],"class_list":{"0":"post-73785","1":"post","2":"type-post","3":"status-publish","4":"format-standard","5":"has-post-thumbnail","7":"category-aktualitet","8":"category-lajme","9":"category-vendi"},"_links":{"self":[{"href":"https:\/\/zjarr.tv\/sq\/wp-json\/wp\/v2\/posts\/73785","targetHints":{"allow":["GET"]}}],"collection":[{"href":"https:\/\/zjarr.tv\/sq\/wp-json\/wp\/v2\/posts"}],"about":[{"href":"https:\/\/zjarr.tv\/sq\/wp-json\/wp\/v2\/types\/post"}],"author":[{"embeddable":true,"href":"https:\/\/zjarr.tv\/sq\/wp-json\/wp\/v2\/users\/4"}],"replies":[{"embeddable":true,"href":"https:\/\/zjarr.tv\/sq\/wp-json\/wp\/v2\/comments?post=73785"}],"version-history":[{"count":0,"href":"https:\/\/zjarr.tv\/sq\/wp-json\/wp\/v2\/posts\/73785\/revisions"}],"wp:featuredmedia":[{"embeddable":true,"href":"https:\/\/zjarr.tv\/sq\/wp-json\/wp\/v2\/media\/73786"}],"wp:attachment":[{"href":"https:\/\/zjarr.tv\/sq\/wp-json\/wp\/v2\/media?parent=73785"}],"wp:term":[{"taxonomy":"category","embeddable":true,"href":"https:\/\/zjarr.tv\/sq\/wp-json\/wp\/v2\/categories?post=73785"},{"taxonomy":"post_tag","embeddable":true,"href":"https:\/\/zjarr.tv\/sq\/wp-json\/wp\/v2\/tags?post=73785"}],"curies":[{"name":"wp","href":"https:\/\/api.w.org\/{rel}","templated":true}]}}