{"id":73790,"date":"2019-03-14T12:26:10","date_gmt":"2019-03-14T11:26:10","guid":{"rendered":"https:\/\/zjarr.tv\/?p=73790"},"modified":"2019-03-14T12:26:10","modified_gmt":"2019-03-14T11:26:10","slug":"dita-e-veres-cfare-simbolizon","status":"publish","type":"post","link":"https:\/\/zjarr.tv\/sq\/dita-e-veres-cfare-simbolizon\/","title":{"rendered":"Dita e Ver\u00ebs, \u00e7far\u00eb simbolizon"},"content":{"rendered":"<p>Dita e Ver\u00ebs \u00ebsht\u00eb nj\u00eb fest\u00eb pagane me origjin\u00eb t\u00eb lasht\u00eb. Festimi kryhet n\u00eb nderim t\u00eb natyr\u00ebs s\u00eb bukur shqiptare dhe bim\u00ebsis\u00eb q\u00eb merr jet\u00eb pik\u00ebrisht n\u00eb 14 mars. Ballokumja \u00ebsht\u00eb gatimi tradicional q\u00eb e karakterizon k\u00ebt\u00eb fest\u00eb. Nd\u00ebrsa n\u00eb disa zona t\u00eb Shqip\u00ebris\u00eb ndizen edhe zjarre. Gjithashtu nj\u00eb detaj i k\u00ebsaj feste \u00ebsht\u00eb edhe vendosja n\u00eb dor\u00eb e \u201cverores\u201d nj\u00eb byzylyk prej fijesh t\u00eb bardh\u00eb dhe t\u00eb kuqe q\u00eb lidhet n\u00eb ky\u00e7in e dor\u00ebs dhe zgjidhet kur t\u00eb shihet dall\u00ebndyshja e par\u00eb. N\u00eb disa krahina, veroret varen n\u00eb deg\u00eb pem\u00ebsh, kryesisht dafinash, q\u00eb dall\u00ebndyshet t\u2019i marrin e t\u00eb sjellin mbar\u00ebsi. Ndon\u00ebse kjo dit\u00eb vazhdon t\u00eb ruhet dhe festohet n\u00eb qytetin e Elbasanit, ajo \u00ebsht\u00eb fest\u00eb e t\u00eb gjith\u00eb shqiptar\u00ebve.<\/p>\n<p>Dita e Ver\u00ebs ishte dita e fillimit t\u00eb vitit sipas kalendarit shum\u00eb t\u00eb lasht\u00eb t\u00eb shqiptar\u00ebve, pra nj\u00eb dit\u00eb q\u00eb kremtohej shum\u00eb shekuj para se t\u00eb lindte krishterimi. Ajo kremtohej me 1 mars t\u00eb kalendarit Julian, dit\u00ebn e par\u00eb t\u00eb vitit t\u00eb ri (sipas kalendarit Gregorian, &#8220;14 mars&#8221;).<\/p>\n<p>&nbsp;<\/p>\n","protected":false},"excerpt":{"rendered":"<p>Dita e Ver\u00ebs \u00ebsht\u00eb nj\u00eb fest\u00eb pagane me origjin\u00eb t\u00eb lasht\u00eb. Festimi kryhet n\u00eb nderim t\u00eb natyr\u00ebs s\u00eb bukur shqiptare dhe bim\u00ebsis\u00eb q\u00eb merr jet\u00eb pik\u00ebrisht n\u00eb 14 mars. Ballokumja \u00ebsht\u00eb gatimi tradicional q\u00eb e karakterizon k\u00ebt\u00eb fest\u00eb. Nd\u00ebrsa n\u00eb disa zona t\u00eb Shqip\u00ebris\u00eb ndizen edhe zjarre. Gjithashtu nj\u00eb detaj i k\u00ebsaj feste \u00ebsht\u00eb edhe [&hellip;]<\/p>\n","protected":false},"author":2013,"featured_media":0,"comment_status":"open","ping_status":"closed","sticky":false,"template":"","format":"standard","meta":{"footnotes":""},"categories":[241,235],"tags":[],"class_list":{"0":"post-73790","1":"post","2":"type-post","3":"status-publish","4":"format-standard","6":"category-aktualitet","7":"category-vendi"},"_links":{"self":[{"href":"https:\/\/zjarr.tv\/sq\/wp-json\/wp\/v2\/posts\/73790","targetHints":{"allow":["GET"]}}],"collection":[{"href":"https:\/\/zjarr.tv\/sq\/wp-json\/wp\/v2\/posts"}],"about":[{"href":"https:\/\/zjarr.tv\/sq\/wp-json\/wp\/v2\/types\/post"}],"author":[{"embeddable":true,"href":"https:\/\/zjarr.tv\/sq\/wp-json\/wp\/v2\/users\/2013"}],"replies":[{"embeddable":true,"href":"https:\/\/zjarr.tv\/sq\/wp-json\/wp\/v2\/comments?post=73790"}],"version-history":[{"count":0,"href":"https:\/\/zjarr.tv\/sq\/wp-json\/wp\/v2\/posts\/73790\/revisions"}],"wp:attachment":[{"href":"https:\/\/zjarr.tv\/sq\/wp-json\/wp\/v2\/media?parent=73790"}],"wp:term":[{"taxonomy":"category","embeddable":true,"href":"https:\/\/zjarr.tv\/sq\/wp-json\/wp\/v2\/categories?post=73790"},{"taxonomy":"post_tag","embeddable":true,"href":"https:\/\/zjarr.tv\/sq\/wp-json\/wp\/v2\/tags?post=73790"}],"curies":[{"name":"wp","href":"https:\/\/api.w.org\/{rel}","templated":true}]}}