{"id":73884,"date":"2019-03-14T19:30:29","date_gmt":"2019-03-14T18:30:29","guid":{"rendered":"https:\/\/zjarr.tv\/?p=73884"},"modified":"2019-03-14T14:36:05","modified_gmt":"2019-03-14T13:36:05","slug":"air-albania-zhduket-perseri","status":"publish","type":"post","link":"https:\/\/zjarr.tv\/sq\/air-albania-zhduket-perseri\/","title":{"rendered":"Air Albania zhduket p\u00ebrs\u00ebri"},"content":{"rendered":"<p>Pas prezantimit me buj\u00eb n\u00eb ver\u00ebn e vitit q\u00eb shkoi t\u00eb avionit t\u00eb par\u00eb, i cili b\u00ebri disa udh\u00ebtime prov\u00eb Tiran\u00eb- Stamboll avioni u parkua n\u00eb Turqi p\u00ebr t\u00eb pritur licencimin. Por sapo mediat nis\u00ebn t\u00eb hedhin dyshime p\u00ebr problemet n\u00eb licencimin e k\u00ebsaj kompanie ministrja e Infrastruktur\u00ebs Belinda Balluku doli n\u00eb Rinas pran\u00eb avionit me mbishkrimin Air Albania dhe deklaroi se p\u00ebr 10 dit\u00eb do t\u00eb merrej licenca e fluturimit.<\/p>\n<p>Balluku njoftoi firmosjen e marr\u00ebveshjes financiare, mes qeveris\u00eb shqiptare dhe kompanis\u00eb Turkish Airlines dhe premtoi se \u2018Air Albania ka kaluar n\u00ebp\u00ebr fazat q\u00eb k\u00ebrkohet p\u00ebr t\u2019u certifikuar, p\u00ebr t\u00eb arritur sot n\u00eb konkludimin e marr\u00ebveshjes financiare mes pal\u00ebve e cila hap drit\u00ebn jeshile p\u00ebr certifikimin e k\u00ebsaj kompanie nga autoritetit civile, gj\u00eb q\u00eb do t\u00eb ndodh\u00eb brenda nj\u00eb jave ose 10 dit\u00ebve\u2019.<\/p>\n<p>Ishte data 15 shkurt kur u b\u00eb kjo deklarat\u00eb dhe akoma kjo kompani nuk e ka marr\u00eb licenc\u00ebn e fluturimeve as p\u00ebr fluturimet drejt Turqis\u00eb, ku \u00ebsht\u00eb e vendosur dhe kompania m\u00ebm\u00eb Turkish Airlines.<\/p>\n<p>Disa fluturime q\u00eb avioni Air Albania ka b\u00ebr\u00eb i ka pajisur qytetar\u00ebt shqiptar\u00eb me bileta q\u00eb mbajn\u00eb mbishkrimin Turkish Airlines.<\/p>\n<p>Balluku, ish drejtoresh\u00eb e Albcontrol, kompani shtet\u00ebrore shqiptare q\u00eb \u00ebsht\u00eb aksionere n\u00eb kompanin\u00eb Air Albania tha se k\u00ebsaj kompanie i duheshin vet\u00ebm 10 dit\u00eb p\u00ebr t\u2019u certifikuar nga Autoriteti i Aviacionit Civil.<\/p>\n<p>Nd\u00ebrkoh\u00eb burime pran\u00eb Aviacionit Civil than\u00eb se procesi i certifikimit mund t\u00eb k\u00ebrkoj\u00eb 1 deri n\u00eb 3 vite koh\u00eb. P\u00ebr t\u00eb plot\u00ebsuar t\u00eb gjitha kriteret e licencimit kompanis\u00eb i duhet shum\u00eb pun\u00eb administrative.<\/p>\n<p>S\u00eb pari, duhet t\u00eb plot\u00ebsoj\u00eb dhe dor\u00ebzoj\u00eb disa manuale fluturimi q\u00eb prej 1-2 mij\u00eb faqe secili. Edhe n\u00ebse autoriteti shqiptar do t\u00eb kishte \u2018vullnetin\u2019 p\u00ebr t\u2019i p\u00ebrshpejtuar k\u00ebta hapa do t\u00eb ishte e kot\u00eb pasi \u00e7do certifikim duhet t\u00eb kaloj\u00eb n\u00eb zyrat europiane, ku nuk hyn n\u00eb pun\u00eb as vullneti politik i Ram\u00ebs e Ballukut dhe as emri prestigjioz i Turkish Airlines.<\/p>\n<p>Pavar\u00ebsisht afateve publike t\u00eb tyre q\u00eb jan\u00eb tejkaluar kompania shtet\u00ebrore ajrore nuk \u00ebsht\u00eb pajisur akoma me lejen e fluturimeve, p\u00ebrve\u00e7 fluturimeve dhurat\u00eb q\u00eb ofroi qeveria n\u00eb ver\u00eb si pjes\u00eb e promovimit t\u00eb saj.<\/p>\n<p>&nbsp;<\/p>\n<p>&nbsp;<\/p>\n","protected":false},"excerpt":{"rendered":"<p>Pas prezantimit me buj\u00eb n\u00eb ver\u00ebn e vitit q\u00eb shkoi t\u00eb avionit t\u00eb par\u00eb, i cili b\u00ebri disa udh\u00ebtime prov\u00eb Tiran\u00eb- Stamboll avioni u parkua n\u00eb Turqi p\u00ebr t\u00eb pritur licencimin. Por sapo mediat nis\u00ebn t\u00eb hedhin dyshime p\u00ebr problemet n\u00eb licencimin e k\u00ebsaj kompanie ministrja e Infrastruktur\u00ebs Belinda Balluku doli n\u00eb Rinas pran\u00eb avionit [&hellip;]<\/p>\n","protected":false},"author":2013,"featured_media":48287,"comment_status":"open","ping_status":"closed","sticky":false,"template":"","format":"standard","meta":{"footnotes":""},"categories":[241,235],"tags":[],"class_list":{"0":"post-73884","1":"post","2":"type-post","3":"status-publish","4":"format-standard","5":"has-post-thumbnail","7":"category-aktualitet","8":"category-vendi"},"_links":{"self":[{"href":"https:\/\/zjarr.tv\/sq\/wp-json\/wp\/v2\/posts\/73884","targetHints":{"allow":["GET"]}}],"collection":[{"href":"https:\/\/zjarr.tv\/sq\/wp-json\/wp\/v2\/posts"}],"about":[{"href":"https:\/\/zjarr.tv\/sq\/wp-json\/wp\/v2\/types\/post"}],"author":[{"embeddable":true,"href":"https:\/\/zjarr.tv\/sq\/wp-json\/wp\/v2\/users\/2013"}],"replies":[{"embeddable":true,"href":"https:\/\/zjarr.tv\/sq\/wp-json\/wp\/v2\/comments?post=73884"}],"version-history":[{"count":0,"href":"https:\/\/zjarr.tv\/sq\/wp-json\/wp\/v2\/posts\/73884\/revisions"}],"wp:featuredmedia":[{"embeddable":true,"href":"https:\/\/zjarr.tv\/sq\/wp-json\/wp\/v2\/media\/48287"}],"wp:attachment":[{"href":"https:\/\/zjarr.tv\/sq\/wp-json\/wp\/v2\/media?parent=73884"}],"wp:term":[{"taxonomy":"category","embeddable":true,"href":"https:\/\/zjarr.tv\/sq\/wp-json\/wp\/v2\/categories?post=73884"},{"taxonomy":"post_tag","embeddable":true,"href":"https:\/\/zjarr.tv\/sq\/wp-json\/wp\/v2\/tags?post=73884"}],"curies":[{"name":"wp","href":"https:\/\/api.w.org\/{rel}","templated":true}]}}