{"id":73949,"date":"2019-03-14T17:11:54","date_gmt":"2019-03-14T16:11:54","guid":{"rendered":"https:\/\/zjarr.tv\/?p=73949"},"modified":"2019-03-14T17:11:54","modified_gmt":"2019-03-14T16:11:54","slug":"mogherini-be-15-mld-euro-per-sirianet-ne-turqi","status":"publish","type":"post","link":"https:\/\/zjarr.tv\/sq\/mogherini-be-15-mld-euro-per-sirianet-ne-turqi\/","title":{"rendered":"Mogherini: BE 1,5 mld euro p\u00ebr sirian\u00ebt n\u00eb Turqi"},"content":{"rendered":"<p>Bashkimi Evropian do t\u00eb transferoj\u00eb 1,5 miliard\u00eb euro nga pjesa e dyt\u00eb prej 3 miliard\u00eb eurove t\u00eb premtuara p\u00ebr sirian\u00ebt n\u00eb Turqi, tha shefja e politik\u00ebs s\u00eb jashtme t\u00eb BE-s\u00eb, Federica Mogherini.<\/p>\n<p>\u201cDo t\u00eb doja t\u00eb konfirmoja se do t\u00eb transferojm\u00eb 1,5 miliard\u00eb euro nga 3 miliard\u00eb eurot e dyta p\u00ebr sirian\u00ebt n\u00eb Turqi\u201d, tha Mogherini.<\/p>\n<p>Duke folur n\u00eb ceremonin\u00eb e hapjes s\u00eb nj\u00eb konference mbi Sirin\u00eb t\u00eb organizuar nga BE dhe OKB n\u00eb Bruksel, Mogherini theksoi se zgjidhja n\u00eb Siri nuk mund t\u00eb jet\u00eb ushtarake, por politike. Siria \u00ebsht\u00eb p\u00ebrfshir\u00eb nga nj\u00eb luft\u00eb shkat\u00ebrruese civile q\u00eb nga fillimi i vitit 2011, kur regjimi i Bashar al-Asadit zbatoi dhun\u00eb gjat\u00eb protestave pro-demokratike. Q\u00eb at\u00ebher\u00eb, sipas OKB-s\u00eb, qindra mij\u00ebra njer\u00ebz jan\u00eb vrar\u00eb dhe m\u00eb shum\u00eb se dhjet\u00eb milion\u00eb t\u00eb tjer\u00eb jan\u00eb zhvendosur.<\/p>\n<p>&nbsp;<\/p>\n","protected":false},"excerpt":{"rendered":"<p>Bashkimi Evropian do t\u00eb transferoj\u00eb 1,5 miliard\u00eb euro nga pjesa e dyt\u00eb prej 3 miliard\u00eb eurove t\u00eb premtuara p\u00ebr sirian\u00ebt n\u00eb Turqi, tha shefja e politik\u00ebs s\u00eb jashtme t\u00eb BE-s\u00eb, Federica Mogherini. \u201cDo t\u00eb doja t\u00eb konfirmoja se do t\u00eb transferojm\u00eb 1,5 miliard\u00eb euro nga 3 miliard\u00eb eurot e dyta p\u00ebr sirian\u00ebt n\u00eb Turqi\u201d, tha [&hellip;]<\/p>\n","protected":false},"author":2013,"featured_media":51888,"comment_status":"open","ping_status":"closed","sticky":false,"template":"","format":"standard","meta":{"footnotes":""},"categories":[241,191],"tags":[],"class_list":{"0":"post-73949","1":"post","2":"type-post","3":"status-publish","4":"format-standard","5":"has-post-thumbnail","7":"category-aktualitet","8":"category-bota"},"_links":{"self":[{"href":"https:\/\/zjarr.tv\/sq\/wp-json\/wp\/v2\/posts\/73949","targetHints":{"allow":["GET"]}}],"collection":[{"href":"https:\/\/zjarr.tv\/sq\/wp-json\/wp\/v2\/posts"}],"about":[{"href":"https:\/\/zjarr.tv\/sq\/wp-json\/wp\/v2\/types\/post"}],"author":[{"embeddable":true,"href":"https:\/\/zjarr.tv\/sq\/wp-json\/wp\/v2\/users\/2013"}],"replies":[{"embeddable":true,"href":"https:\/\/zjarr.tv\/sq\/wp-json\/wp\/v2\/comments?post=73949"}],"version-history":[{"count":0,"href":"https:\/\/zjarr.tv\/sq\/wp-json\/wp\/v2\/posts\/73949\/revisions"}],"wp:featuredmedia":[{"embeddable":true,"href":"https:\/\/zjarr.tv\/sq\/wp-json\/wp\/v2\/media\/51888"}],"wp:attachment":[{"href":"https:\/\/zjarr.tv\/sq\/wp-json\/wp\/v2\/media?parent=73949"}],"wp:term":[{"taxonomy":"category","embeddable":true,"href":"https:\/\/zjarr.tv\/sq\/wp-json\/wp\/v2\/categories?post=73949"},{"taxonomy":"post_tag","embeddable":true,"href":"https:\/\/zjarr.tv\/sq\/wp-json\/wp\/v2\/tags?post=73949"}],"curies":[{"name":"wp","href":"https:\/\/api.w.org\/{rel}","templated":true}]}}