{"id":73957,"date":"2019-03-14T17:20:50","date_gmt":"2019-03-14T16:20:50","guid":{"rendered":"https:\/\/zjarr.tv\/?p=73957"},"modified":"2019-03-14T17:20:50","modified_gmt":"2019-03-14T16:20:50","slug":"sektori-privat-ul-punesimin-shtohet-administrata-shteterore","status":"publish","type":"post","link":"https:\/\/zjarr.tv\/sq\/sektori-privat-ul-punesimin-shtohet-administrata-shteterore\/","title":{"rendered":"Sektori privat ul pun\u00ebsimin, shtohet administrata shtet\u00ebrore"},"content":{"rendered":"<p>Sektori publik n\u00eb Shqip\u00ebri shtoi mbi tet\u00eb mij\u00eb vende pune gjat\u00eb vitit t\u00eb kaluar, ku kontributin m\u00eb t\u00eb madh duket se e dhan\u00eb bashkit\u00eb dhe kompanit\u00eb e sektorit publik. Nd\u00ebrsa t\u00eb pun\u00ebsuarit n\u00eb sektorin privat u rrit\u00ebn vet\u00ebm me 1.5%. K\u00ebshtu shkruan Birn, referuar shifrave zyrtare t\u00eb Institutit t\u00eb Statistikave (INSTAT). Sipas t\u00eb dh\u00ebnave zyrtare, n\u00eb fund t\u00eb vitit 2018, rrog\u00ebtar\u00ebt e shtetit ishin afro 173 mij\u00eb vet\u00eb, me nj\u00eb rritje prej 8,400 vet\u00ebsh ose 5.1% n\u00eb krahasim me nj\u00eb vit m\u00eb par\u00eb.<\/p>\n<p>Krahasuar me sektorin publik, sektori privat shtoi vet\u00ebm 7,400 vende t\u00eb reja pune me nj\u00eb rritje 1.5% n\u00eb krahasim me vitin 2016. N\u00eb fund t\u00eb vitit 2018, afro 509 mij\u00eb shqiptar\u00eb ishin t\u00eb pun\u00ebsuar me pag\u00eb n\u00eb sektorin privat nga afro 502 mij\u00eb q\u00eb ishin nj\u00eb vit m\u00eb par\u00eb. N\u00eb tremujorin e kat\u00ebrt t\u00eb vitit 2018, pun\u00ebsimi n\u00eb sektorin privat ra me 9,400 vet\u00eb n\u00eb krahasim me tremujorin e tret\u00eb.<\/p>\n<p>Shkaqet e rritjes s\u00eb t\u00eb pun\u00ebsuarve n\u00eb sektorin publik duket se, lidhen me politik\u00ebn e votave n\u00eb k\u00ebmbim t\u00eb vendeve t\u00eb pun\u00ebs dhe shumica e shtimit lidhet me pushtetin vendor apo me t\u00eb pun\u00ebsuarit n\u00eb nd\u00ebrmarrje publike. Institucionet e qeverisjes qendrore, ku p\u00ebrfshihen mjek\u00ebt, m\u00ebsuesit, polic\u00ebt etj., kishin 82 mij\u00eb t\u00eb pun\u00ebsuar n\u00eb vitin e kaluar sipas buxhetit t\u00eb shtetit dhe kjo nuk ka ndryshuar n\u00eb krahasim me vitin 2017.<\/p>\n<p>T\u00eb dh\u00ebnat mbi numrin e personave t\u00eb pun\u00ebsuar me pag\u00eb publikohen nga INSTATn\u00eb baz\u00eb t\u00eb list\u00ebpagesave t\u00eb dor\u00ebzuara n\u00eb administrat\u00ebn tatimore. Si t\u00eb tilla, k\u00ebto statistika p\u00ebrfshijn\u00eb pun\u00ebsimin n\u00eb sektorin formal t\u00eb ekonomis\u00eb, por nuk p\u00ebrfshijn\u00eb pun\u00ebsimin n\u00eb t\u00eb zez\u00eb. Rritja e t\u00eb pun\u00ebsuarve me pag\u00eb n\u00eb tremujorin e tret\u00eb t\u00eb vitit 2018 si dhe r\u00ebnia e tyre n\u00eb tremujorin e kat\u00ebrt duket se lidhet me fushat\u00ebn anti-informalitet t\u00eb nd\u00ebrmarr\u00eb nga tatimet n\u00eb bizneset turistike gjat\u00eb ver\u00ebs s\u00eb kaluar, biznese q\u00eb duket se kaluan n\u00eb gjendje pasive n\u00eb shtator bashk\u00eb me mbylljen e sezonit.<\/p>\n<p><strong>Nj\u00eb n\u00eb tre persona (maxhoren\u00eb) me pag\u00eb<\/strong><\/p>\n<p>Sipas vler\u00ebsimeve t\u00eb INSTAT, 1.97 milion\u00eb shqiptar\u00eb jan\u00eb mes mosh\u00ebs 15 dhe 64 vje\u00e7 dhe si t\u00eb till\u00eb klasifikohen n\u00eb mosh\u00eb pune. INSTAT llogarit si t\u00eb z\u00ebn\u00eb me pun\u00eb afro 1.24 milion\u00eb shqiptar\u00eb, ku p\u00ebrfshihen pun\u00ebtor\u00ebt pa pages\u00eb brenda bizneseve t\u00eb familjes apo fermer\u00ebt q\u00eb kujdesen p\u00ebr bag\u00ebtin\u00eb apo punojn\u00eb tok\u00ebn. Nga k\u00ebto, 681 mij\u00eb vet\u00eb jan\u00eb t\u00eb pun\u00ebsuar n\u00eb ekonomin\u00eb formale dhe punojn\u00eb me pag\u00eb dhe me sigurime shoq\u00ebrore.<\/p>\n<p>T\u00eb pun\u00ebsuarit me pag\u00eb z\u00ebn\u00eb af\u00ebrsisht 35% t\u00eb popullsis\u00eb n\u00eb mosh\u00eb pune. Rreth 453 mij\u00eb vet\u00eb t\u00eb tjer\u00eb t\u00eb klasifikuar si \u201ct\u00eb pun\u00ebsuar\u201d p\u00ebrfshijn\u00eb popullsin\u00eb rurale t\u00eb Shqip\u00ebris\u00eb, ku posedimi i nj\u00eb parcele toke sado t\u00eb vog\u00ebl apo edhe nj\u00eb deleje t\u00eb klasifikon automatikisht si t\u00eb vet\u00ebpun\u00ebsuar pavar\u00ebsisht nivelit t\u00eb t\u00eb ardhurave.<\/p>\n<p>Rreth 173 mij\u00eb vet\u00eb klasifikohen si t\u00eb papun\u00eb n\u00eb k\u00ebrkim t\u00eb nj\u00eb pune, nd\u00ebrsa 617 mij\u00eb konsiderohen popullsi inaktive. N\u00eb k\u00ebt\u00eb kategori p\u00ebrfshihen t\u00eb rinjt\u00eb n\u00eb arsim si dhe personat e njohur teknikisht si \u201ct\u00eb dekurajuar\u201d, d.m.th., t\u00eb papun\u00eb q\u00eb nuk k\u00ebrkojn\u00eb pun\u00eb.<\/p>\n<p>&nbsp;<\/p>\n","protected":false},"excerpt":{"rendered":"<p>Sektori publik n\u00eb Shqip\u00ebri shtoi mbi tet\u00eb mij\u00eb vende pune gjat\u00eb vitit t\u00eb kaluar, ku kontributin m\u00eb t\u00eb madh duket se e dhan\u00eb bashkit\u00eb dhe kompanit\u00eb e sektorit publik. Nd\u00ebrsa t\u00eb pun\u00ebsuarit n\u00eb sektorin privat u rrit\u00ebn vet\u00ebm me 1.5%. K\u00ebshtu shkruan Birn, referuar shifrave zyrtare t\u00eb Institutit t\u00eb Statistikave (INSTAT). Sipas t\u00eb dh\u00ebnave zyrtare, [&hellip;]<\/p>\n","protected":false},"author":2013,"featured_media":0,"comment_status":"open","ping_status":"closed","sticky":false,"template":"","format":"standard","meta":{"footnotes":""},"categories":[241,235],"tags":[],"class_list":{"0":"post-73957","1":"post","2":"type-post","3":"status-publish","4":"format-standard","6":"category-aktualitet","7":"category-vendi"},"_links":{"self":[{"href":"https:\/\/zjarr.tv\/sq\/wp-json\/wp\/v2\/posts\/73957","targetHints":{"allow":["GET"]}}],"collection":[{"href":"https:\/\/zjarr.tv\/sq\/wp-json\/wp\/v2\/posts"}],"about":[{"href":"https:\/\/zjarr.tv\/sq\/wp-json\/wp\/v2\/types\/post"}],"author":[{"embeddable":true,"href":"https:\/\/zjarr.tv\/sq\/wp-json\/wp\/v2\/users\/2013"}],"replies":[{"embeddable":true,"href":"https:\/\/zjarr.tv\/sq\/wp-json\/wp\/v2\/comments?post=73957"}],"version-history":[{"count":0,"href":"https:\/\/zjarr.tv\/sq\/wp-json\/wp\/v2\/posts\/73957\/revisions"}],"wp:attachment":[{"href":"https:\/\/zjarr.tv\/sq\/wp-json\/wp\/v2\/media?parent=73957"}],"wp:term":[{"taxonomy":"category","embeddable":true,"href":"https:\/\/zjarr.tv\/sq\/wp-json\/wp\/v2\/categories?post=73957"},{"taxonomy":"post_tag","embeddable":true,"href":"https:\/\/zjarr.tv\/sq\/wp-json\/wp\/v2\/tags?post=73957"}],"curies":[{"name":"wp","href":"https:\/\/api.w.org\/{rel}","templated":true}]}}