{"id":73987,"date":"2019-03-14T18:15:39","date_gmt":"2019-03-14T17:15:39","guid":{"rendered":"https:\/\/zjarr.tv\/?p=73987"},"modified":"2019-03-14T18:02:21","modified_gmt":"2019-03-14T17:02:21","slug":"mustafaj-te-mbushen-sheshet-e-protestes","status":"publish","type":"post","link":"https:\/\/zjarr.tv\/sq\/mustafaj-te-mbushen-sheshet-e-protestes\/","title":{"rendered":"Mustafaj: T\u00eb mbushen sheshet e protest\u00ebs"},"content":{"rendered":"<p>Ish-ministri i Jasht\u00ebm Besnik Mustafaj ka analizuar situat\u00ebn politike n\u00eb vend teksa ishte i ftuar n\u00eb rubrik\u00ebn \u201cOpinion\u201d. Ai u ndal tek protesta e opozit\u00ebs s\u00eb bashkuar, e cila \u00ebsht\u00eb parashikuar me 16 mars, nd\u00ebrsa p\u00ebr Mustafajn \u00ebsht\u00eb jetike n\u00eb demokraci mbushja e rrug\u00ebve me njer\u00ebz q\u00eb k\u00ebrkojn\u00eb p\u00ebrmir\u00ebsimin e sjelljeve t\u00eb nj\u00eb qeverie. Analisti pohoi se kryeministri Edi Rama nuk arrin t\u00eb lexoj\u00eb pak\u00ebnaq\u00ebsit\u00eb e qytetar\u00ebve dhe kjo n\u00eb pik\u00ebpamjen e Mustafajt \u00ebsht\u00eb e rrezikshme p\u00ebr nj\u00eb sistem demokratik.<\/p>\n<p>\u201cDuhet mbajtur fryma e protest\u00ebs dhe kjo mbahet p\u00ebrmes rrug\u00ebs dhe jo ligj\u00ebrimit. Un\u00eb nuk jam ithtar i dhun\u00ebs. Protestat duhet t\u00eb jen\u00eb demokratike deri n\u00eb fund. Masiviteti i tyre \u00ebsht\u00eb presioni q\u00eb duhet ti beh\u00ebt deri n\u00eb fund<\/p>\n<p>Rama \u00ebsht\u00eb nj\u00eb politikan q\u00eb nuk lexon pak\u00ebnaq\u00ebsit\u00eb e popullit, pak\u00ebnaq\u00ebsit\u00eb e politik\u00ebs dhe opozit\u00ebs. N\u00eb demokraci, mbushja e rrug\u00ebs \u00ebsht\u00eb sinjal q\u00eb duhet t\u00eb ndryshohet qeveria dhe sjellja\u201d, tha Mustafaj.<\/p>\n<p>Gjithashtu ai komentoi edhe gabimet e b\u00ebra nga kreu i Partis\u00eb Demokratike, Lulzim Basha n\u00eb qasjen dhe marr\u00ebdh\u00ebnien q\u00eb ka mbajtur me shoq\u00ebrin\u00eb civile n\u00eb vend.<\/p>\n<p>\u201cBasha ka filluar q\u00eb n\u00eb 2015, nj\u00eb hapje ndaj shoq\u00ebris\u00eb civile dhe nj\u00eb tentativ\u00eb p\u00ebr t\u00eb vendosur \u00a0ur\u00eb lidh\u00ebse me shoq\u00ebrin\u00eb civile nga fusha t\u00eb ndryshme, e gjer\u00eb tek analist\u00ebt e mediave shqiptare. E keqja e Bash\u00ebs, ka qen\u00eb se ka shkuar n\u00eb k\u00ebto takime dhe ka qen\u00eb i relaksuar nuk ka mbajtur sh\u00ebnime dhe nuk i ka analizuar konkluzionet.<\/p>\n<p>N\u00eb p\u00ebrgjith\u00ebsi n\u00eb nj\u00eb sistem demokratike dhe opozita ka dy element\u00eb q\u00eb e p\u00ebrb\u00ebjn\u00eb at\u00eb. \u00cbsht\u00eb elementi aritmetik, n\u00ebp\u00ebrmjet numrave dhe n\u00eb aspektin moral. N\u00eb rastin konkret kur opozita ishte numerikisht ishte e pamundur t\u00eb ndikoj\u00eb n\u00eb ligjv\u00ebnien dhe n\u00eb drejtimin e vendit. K\u00ebta q\u00eb po shkojn\u00eb nuk kan\u00eb an\u00ebn morale, shkojn\u00eb p\u00ebr t\u00eb qen\u00eb\u00a0 numra dhe nuk p\u00ebrfaq\u00ebsojn\u00eb interesin e elektoratit. Mua nuk m\u00eb p\u00ebrfaq\u00ebsojn\u00eb ata. K\u00ebta nuk jan\u00eb moralisht legjitim\u201d, shtoi ai.<\/p>\n<p>Ish-diplomati, Benik Mustafaj u ndal tek vajza e Azem\u00a0 Hajdarit, e cila nuk shkoi n\u00eb nj\u00eb linj\u00ebn me PD-n\u00eb p\u00ebr t\u00eb djegur mandatin e deputetes.<\/p>\n<p>\u201cNuk preferoj t\u00eb b\u00ebj\u00eb koment p\u00ebr Rudin\u00ebn, \u00ebsht\u00eb n\u00eb nj\u00eb mosh\u00eb q\u00eb po rritet dhe po piqet. Mbiemri Hajdari \u00ebsht\u00eb shum\u00eb i r\u00ebnd\u00ebsish\u00ebm. Hajdari \u00ebsht\u00eb n\u00eb momentit \u00a0dhe n\u00eb mosh\u00ebn q\u00eb i lejohen gabimet dhe ato jan\u00eb element\u00eb t\u00eb m\u00ebsimit.<\/p>\n<p>Edi Rama nuk ka treguar dhe nuk po tregon q\u00eb \u00ebsht\u00eb nj\u00eb burr\u00eb shteti. Un\u00eb besoj se Edi Rama e keqkupton edhe at\u00eb q\u00eb e quani ju \u201cmb\u00ebshtetjen e nd\u00ebrkomb\u00ebtar\u00ebve\u201d. Evolucioni i nd\u00ebrkomb\u00ebtar\u00ebve \u00ebsht\u00eb i pritsh\u00ebm. Opozita ka shkuar aq larg sa nuk mund t\u00eb ket\u00eb kthim pas. Un\u00eb nuk e kuptoj se pse i k\u00ebrkojn\u00eb kthim pas Bash\u00ebs. \u00a0Edi Rama ka nj\u00eb natyr\u00eb shum\u00eb bizantin\u00eb dhe ai do t\u00eb gjej\u00eb kandidat\u00eb t\u00eb pavarur nga opozita dhe do t\u00eb krijoj\u00eb nj\u00eb konfiguarcion shum\u00ebngjyr\u00ebsh dhe kjo nuk do m\u00eb \u00e7udiste shum\u00eb n\u00ebse do ta b\u00ebnte Edi Rama\u201d, p\u00ebrfundoi ai.<\/p>\n<p>&nbsp;<\/p>\n","protected":false},"excerpt":{"rendered":"<p>Ish-ministri i Jasht\u00ebm Besnik Mustafaj ka analizuar situat\u00ebn politike n\u00eb vend teksa ishte i ftuar n\u00eb rubrik\u00ebn \u201cOpinion\u201d. Ai u ndal tek protesta e opozit\u00ebs s\u00eb bashkuar, e cila \u00ebsht\u00eb parashikuar me 16 mars, nd\u00ebrsa p\u00ebr Mustafajn \u00ebsht\u00eb jetike n\u00eb demokraci mbushja e rrug\u00ebve me njer\u00ebz q\u00eb k\u00ebrkojn\u00eb p\u00ebrmir\u00ebsimin e sjelljeve t\u00eb nj\u00eb qeverie. Analisti [&hellip;]<\/p>\n","protected":false},"author":2013,"featured_media":0,"comment_status":"open","ping_status":"closed","sticky":false,"template":"","format":"standard","meta":{"footnotes":""},"categories":[241,235],"tags":[],"class_list":{"0":"post-73987","1":"post","2":"type-post","3":"status-publish","4":"format-standard","6":"category-aktualitet","7":"category-vendi"},"_links":{"self":[{"href":"https:\/\/zjarr.tv\/sq\/wp-json\/wp\/v2\/posts\/73987","targetHints":{"allow":["GET"]}}],"collection":[{"href":"https:\/\/zjarr.tv\/sq\/wp-json\/wp\/v2\/posts"}],"about":[{"href":"https:\/\/zjarr.tv\/sq\/wp-json\/wp\/v2\/types\/post"}],"author":[{"embeddable":true,"href":"https:\/\/zjarr.tv\/sq\/wp-json\/wp\/v2\/users\/2013"}],"replies":[{"embeddable":true,"href":"https:\/\/zjarr.tv\/sq\/wp-json\/wp\/v2\/comments?post=73987"}],"version-history":[{"count":0,"href":"https:\/\/zjarr.tv\/sq\/wp-json\/wp\/v2\/posts\/73987\/revisions"}],"wp:attachment":[{"href":"https:\/\/zjarr.tv\/sq\/wp-json\/wp\/v2\/media?parent=73987"}],"wp:term":[{"taxonomy":"category","embeddable":true,"href":"https:\/\/zjarr.tv\/sq\/wp-json\/wp\/v2\/categories?post=73987"},{"taxonomy":"post_tag","embeddable":true,"href":"https:\/\/zjarr.tv\/sq\/wp-json\/wp\/v2\/tags?post=73987"}],"curies":[{"name":"wp","href":"https:\/\/api.w.org\/{rel}","templated":true}]}}