{"id":74321,"date":"2019-03-16T14:24:56","date_gmt":"2019-03-16T13:24:56","guid":{"rendered":"https:\/\/zjarr.tv\/?p=74321"},"modified":"2019-03-16T14:24:56","modified_gmt":"2019-03-16T13:24:56","slug":"pas-gazit-edhe-makina-e-ujit-ndaj-protestuesve","status":"publish","type":"post","link":"https:\/\/zjarr.tv\/sq\/pas-gazit-edhe-makina-e-ujit-ndaj-protestuesve\/","title":{"rendered":"Pas gazit, edhe makina e ujit ndaj protestuesve"},"content":{"rendered":"<p>Pasi hodhi gaz lot\u00ebsjell\u00ebs ndaj protestuesve tek parlamenti, Edi Rama ka vendosur q\u00eb t\u00eb l\u00ebshoj\u00eb ndaj protestuesve edhe makinat e ujit. Pasi protestuesit u provokuan nga Rama me gaz, tani ka l\u00ebshuar makinat e ujit. Por si\u00e7 edhe duket n\u00eb pamje, asnj\u00eb nga protestuesit nuk \u00ebsht\u00eb t\u00ebrhequr.<\/p>\n","protected":false},"excerpt":{"rendered":"<p>Pasi hodhi gaz lot\u00ebsjell\u00ebs ndaj protestuesve tek parlamenti, Edi Rama ka vendosur q\u00eb t\u00eb l\u00ebshoj\u00eb ndaj protestuesve edhe makinat e ujit. Pasi protestuesit u provokuan nga Rama me gaz, tani ka l\u00ebshuar makinat e ujit. Por si\u00e7 edhe duket n\u00eb pamje, asnj\u00eb nga protestuesit nuk \u00ebsht\u00eb t\u00ebrhequr.<\/p>\n","protected":false},"author":2013,"featured_media":69810,"comment_status":"open","ping_status":"closed","sticky":false,"template":"","format":"standard","meta":{"footnotes":""},"categories":[241,235],"tags":[],"class_list":{"0":"post-74321","1":"post","2":"type-post","3":"status-publish","4":"format-standard","5":"has-post-thumbnail","7":"category-aktualitet","8":"category-vendi"},"_links":{"self":[{"href":"https:\/\/zjarr.tv\/sq\/wp-json\/wp\/v2\/posts\/74321","targetHints":{"allow":["GET"]}}],"collection":[{"href":"https:\/\/zjarr.tv\/sq\/wp-json\/wp\/v2\/posts"}],"about":[{"href":"https:\/\/zjarr.tv\/sq\/wp-json\/wp\/v2\/types\/post"}],"author":[{"embeddable":true,"href":"https:\/\/zjarr.tv\/sq\/wp-json\/wp\/v2\/users\/2013"}],"replies":[{"embeddable":true,"href":"https:\/\/zjarr.tv\/sq\/wp-json\/wp\/v2\/comments?post=74321"}],"version-history":[{"count":0,"href":"https:\/\/zjarr.tv\/sq\/wp-json\/wp\/v2\/posts\/74321\/revisions"}],"wp:featuredmedia":[{"embeddable":true,"href":"https:\/\/zjarr.tv\/sq\/wp-json\/wp\/v2\/media\/69810"}],"wp:attachment":[{"href":"https:\/\/zjarr.tv\/sq\/wp-json\/wp\/v2\/media?parent=74321"}],"wp:term":[{"taxonomy":"category","embeddable":true,"href":"https:\/\/zjarr.tv\/sq\/wp-json\/wp\/v2\/categories?post=74321"},{"taxonomy":"post_tag","embeddable":true,"href":"https:\/\/zjarr.tv\/sq\/wp-json\/wp\/v2\/tags?post=74321"}],"curies":[{"name":"wp","href":"https:\/\/api.w.org\/{rel}","templated":true}]}}