{"id":74516,"date":"2019-03-17T19:20:05","date_gmt":"2019-03-17T18:20:05","guid":{"rendered":"https:\/\/zjarr.tv\/?p=74516"},"modified":"2019-03-17T16:25:11","modified_gmt":"2019-03-17T15:25:11","slug":"vajza-e-michael-jackson-tenton-vetevrasjen","status":"publish","type":"post","link":"https:\/\/zjarr.tv\/sq\/vajza-e-michael-jackson-tenton-vetevrasjen\/","title":{"rendered":"Vajza e Michael Jackson tenton vet\u00ebvrasjen"},"content":{"rendered":"<p>Paris Jackson ka tentuar t\u00eb vras\u00eb veten. P\u00ebr fat t\u00eb mir\u00eb modelja ia doli t\u00eb jetoj\u00eb dhe u lirua nga spitali. Paris u fotografua nd\u00ebrsa doli nga spitali dhe mbante veshur nj\u00eb xhaket\u00eb ku shkruhej:\u00a0<em>\u201cJam mir\u00eb.\u201d<\/em><\/p>\n<p>Vajza e Mbretit t\u00eb Popit, Michael Jackson \u00a0u shtrua n\u00eb spital t\u00eb shtun\u00ebn pasi tentoi t\u00eb vriste veten. Sipas burimeve vendimi i saj p\u00ebr ti dh\u00ebn\u00eb fund jet\u00ebs ishte p\u00ebr shkak t\u00eb pasojave t\u00eb dokumentarit &#8220;Leaving Neverland\u201d, skandal ku \u00ebsht\u00eb p\u00ebrfshir\u00eb k\u00ebng\u00ebtari. Policia mori nj\u00eb telefonat\u00eb nga sht\u00ebpia n\u00eb LA e Paris rreth or\u00ebs 7:30 t\u00eb m\u00ebngjesit. Atyre iu tha se vajza e vetme e Jackson kishte prer\u00eb damar\u00ebt, raporton TMZ.<\/p>\n<p>Ajo u transportua n\u00eb spital dhe aktualisht \u00ebsht\u00eb n\u00eb gjendje t\u00eb q\u00ebndrueshme p\u00ebr jet\u00ebn.<\/p>\n<p>Sipas burimeve modelja e b\u00ebri k\u00ebt\u00eb pas akuzave t\u00eb b\u00ebra kund\u00ebr babait t\u00eb saj n\u00eb dokumentar, ku dy burra Wade Robson dhe James Safechuck akuzojn\u00eb Michael se i abuzoi seksualisht kur ishin f\u00ebmij\u00eb. Paris vendoi t\u00eb mbrronte babain e saj dhe pse nuk ka prova akoma. F\u00ebmij\u00ebt e Jackson mendojn\u00eb se dokumentari \u00ebsht\u00eb i nj\u00ebansh\u00ebm dhe i padrejt\u00eb. Pasojat e &#8220;Leaving Neverland&#8221; ka qen\u00eb t\u00eb r\u00ebnda. Muzika e \u00a0Michael n\u00eb televizon \u00ebsht\u00eb ndaluar s\u00eb transmetuari pas publikimit t\u00eb projektit nga HBO.<\/p>\n<p>Paris ka kaluar koh\u00eb t\u00eb v\u00ebshtir\u00eb q\u00eb nga vdekja e babait t\u00eb saj n\u00eb vitin 2009. Ajo u p\u00ebrpoq gjithashtu t\u00eb b\u00ebnte vet\u00ebvrasje edhe n\u00eb vitin 2013, dhe ka folur hapur p\u00ebr betej\u00ebn e saj me depresionin. Tani ajo po monitorohet nga af\u00ebr nga nj\u00eb ekip mjek\u00ebsh.<\/p>\n<p>&nbsp;<\/p>\n","protected":false},"excerpt":{"rendered":"<p>Paris Jackson ka tentuar t\u00eb vras\u00eb veten. P\u00ebr fat t\u00eb mir\u00eb modelja ia doli t\u00eb jetoj\u00eb dhe u lirua nga spitali. Paris u fotografua nd\u00ebrsa doli nga spitali dhe mbante veshur nj\u00eb xhaket\u00eb ku shkruhej:\u00a0\u201cJam mir\u00eb.\u201d Vajza e Mbretit t\u00eb Popit, Michael Jackson \u00a0u shtrua n\u00eb spital t\u00eb shtun\u00ebn pasi tentoi t\u00eb vriste veten. Sipas [&hellip;]<\/p>\n","protected":false},"author":2013,"featured_media":0,"comment_status":"open","ping_status":"closed","sticky":false,"template":"","format":"standard","meta":{"footnotes":""},"categories":[241,193],"tags":[],"class_list":{"0":"post-74516","1":"post","2":"type-post","3":"status-publish","4":"format-standard","6":"category-aktualitet","7":"category-showbiz"},"_links":{"self":[{"href":"https:\/\/zjarr.tv\/sq\/wp-json\/wp\/v2\/posts\/74516","targetHints":{"allow":["GET"]}}],"collection":[{"href":"https:\/\/zjarr.tv\/sq\/wp-json\/wp\/v2\/posts"}],"about":[{"href":"https:\/\/zjarr.tv\/sq\/wp-json\/wp\/v2\/types\/post"}],"author":[{"embeddable":true,"href":"https:\/\/zjarr.tv\/sq\/wp-json\/wp\/v2\/users\/2013"}],"replies":[{"embeddable":true,"href":"https:\/\/zjarr.tv\/sq\/wp-json\/wp\/v2\/comments?post=74516"}],"version-history":[{"count":0,"href":"https:\/\/zjarr.tv\/sq\/wp-json\/wp\/v2\/posts\/74516\/revisions"}],"wp:attachment":[{"href":"https:\/\/zjarr.tv\/sq\/wp-json\/wp\/v2\/media?parent=74516"}],"wp:term":[{"taxonomy":"category","embeddable":true,"href":"https:\/\/zjarr.tv\/sq\/wp-json\/wp\/v2\/categories?post=74516"},{"taxonomy":"post_tag","embeddable":true,"href":"https:\/\/zjarr.tv\/sq\/wp-json\/wp\/v2\/tags?post=74516"}],"curies":[{"name":"wp","href":"https:\/\/api.w.org\/{rel}","templated":true}]}}