{"id":74524,"date":"2019-03-17T19:40:36","date_gmt":"2019-03-17T18:40:36","guid":{"rendered":"https:\/\/zjarr.tv\/?p=74524"},"modified":"2019-03-17T16:34:55","modified_gmt":"2019-03-17T15:34:55","slug":"theresa-may-heq-dore-nga-votimi-i-3-i-brexit","status":"publish","type":"post","link":"https:\/\/zjarr.tv\/sq\/theresa-may-heq-dore-nga-votimi-i-3-i-brexit\/","title":{"rendered":"Theresa May heq dor\u00eb nga votimi i 3 i Brexit"},"content":{"rendered":"<p>Kryeministrja britanike, Theresa May mund t\u00eb heq\u00eb dor\u00eb t\u00eb kaloj\u00eb p\u00ebr her\u00eb t\u00eb tret\u00eb n\u00eb votimin e deputet\u00ebve marr\u00ebveshjen e t\u00ebrheqjes q\u00eb ajo negocioi me Bashkimin Europian, n\u00ebse nuk siguronte mb\u00ebshtetjen e nevojshme, deklaruan sot dy nga ministrat e saj.<\/p>\n<p>\u2018\u2019Nuk \u00ebsht\u00eb e sigurt\u00eb n\u00ebse do t\u00eb ket\u00eb votim\u2019\u2019, u shpreh p\u00ebr BBC-n\u00eb, ministri i Financave, Philip Hammond. Ne do t\u00eb prezantojm\u00eb marr\u00ebveshje t\u00eb re vet\u00ebm n\u00ebse jemi t\u00eb sigurt\u00eb q\u00eb nj\u00eb num\u00ebr i mjaftuesh\u00ebm i koleg\u00ebve tan\u00eb dhe i DUP-s\u00eb jan\u00eb t\u00eb gatsh\u00ebm p\u00ebr ta mb\u00ebshtetur at\u00eb q\u00eb t\u00eb kaloj\u00eb n\u00eb parlament.<\/p>\n<p>\u2018\u2019Kjo do t\u00eb varet nga aft\u00ebsia jon\u00eb p\u00ebr t\u00eb fituar k\u00ebt\u00eb votim n\u00eb Dhom\u00ebn e Komuneve\u2019\u2019, deklaroi ministri p\u00ebr Tregtin\u00eb Nd\u00ebrkomb\u00ebtare, Liam Fox n\u00eb Sky news, pasi theksoi se do t\u00eb ishte e v\u00ebshtir\u00eb t\u00eb justifikohej organizimi i nj\u00eb votimi n\u00ebse \u00ebsht\u00eb i sigurt\u00eb d\u00ebshtimi.<\/p>\n<p>Teksti u kund\u00ebrshtua m\u00eb 15 janar me 432 vota kund\u00ebr dhe 202 pro, m\u00eb pas t\u00eb mart\u00ebn nga 391 vota kund\u00ebr dhe 242 pro.<\/p>\n<p>Kryeministrja po p\u00ebrpiqet t\u00eb bind\u00eb euroskeptik\u00ebt e ashp\u00ebr t\u00eb partis\u00eb s\u00eb saj dhe deputet\u00ebt e partis\u00eb s\u00eb vog\u00ebl s\u00eb Irland\u00ebs s\u00eb Veriut, DUP aleaten e saj n\u00eb parlament, t\u00eb cil\u00ebt e konsiderojn\u00eb marr\u00ebveshjen e saj shum\u00eb pajtuese me Brukselin, p\u00ebr t\u00eb ndryshuar q\u00ebndrim.<\/p>\n<p>&nbsp;<\/p>\n<p>&nbsp;<\/p>\n<p>&nbsp;<\/p>\n","protected":false},"excerpt":{"rendered":"<p>Kryeministrja britanike, Theresa May mund t\u00eb heq\u00eb dor\u00eb t\u00eb kaloj\u00eb p\u00ebr her\u00eb t\u00eb tret\u00eb n\u00eb votimin e deputet\u00ebve marr\u00ebveshjen e t\u00ebrheqjes q\u00eb ajo negocioi me Bashkimin Europian, n\u00ebse nuk siguronte mb\u00ebshtetjen e nevojshme, deklaruan sot dy nga ministrat e saj. \u2018\u2019Nuk \u00ebsht\u00eb e sigurt\u00eb n\u00ebse do t\u00eb ket\u00eb votim\u2019\u2019, u shpreh p\u00ebr BBC-n\u00eb, ministri i [&hellip;]<\/p>\n","protected":false},"author":2013,"featured_media":54357,"comment_status":"open","ping_status":"closed","sticky":false,"template":"","format":"standard","meta":{"footnotes":""},"categories":[241,191],"tags":[],"class_list":{"0":"post-74524","1":"post","2":"type-post","3":"status-publish","4":"format-standard","5":"has-post-thumbnail","7":"category-aktualitet","8":"category-bota"},"_links":{"self":[{"href":"https:\/\/zjarr.tv\/sq\/wp-json\/wp\/v2\/posts\/74524","targetHints":{"allow":["GET"]}}],"collection":[{"href":"https:\/\/zjarr.tv\/sq\/wp-json\/wp\/v2\/posts"}],"about":[{"href":"https:\/\/zjarr.tv\/sq\/wp-json\/wp\/v2\/types\/post"}],"author":[{"embeddable":true,"href":"https:\/\/zjarr.tv\/sq\/wp-json\/wp\/v2\/users\/2013"}],"replies":[{"embeddable":true,"href":"https:\/\/zjarr.tv\/sq\/wp-json\/wp\/v2\/comments?post=74524"}],"version-history":[{"count":0,"href":"https:\/\/zjarr.tv\/sq\/wp-json\/wp\/v2\/posts\/74524\/revisions"}],"wp:featuredmedia":[{"embeddable":true,"href":"https:\/\/zjarr.tv\/sq\/wp-json\/wp\/v2\/media\/54357"}],"wp:attachment":[{"href":"https:\/\/zjarr.tv\/sq\/wp-json\/wp\/v2\/media?parent=74524"}],"wp:term":[{"taxonomy":"category","embeddable":true,"href":"https:\/\/zjarr.tv\/sq\/wp-json\/wp\/v2\/categories?post=74524"},{"taxonomy":"post_tag","embeddable":true,"href":"https:\/\/zjarr.tv\/sq\/wp-json\/wp\/v2\/tags?post=74524"}],"curies":[{"name":"wp","href":"https:\/\/api.w.org\/{rel}","templated":true}]}}