{"id":74537,"date":"2019-03-17T16:58:53","date_gmt":"2019-03-17T15:58:53","guid":{"rendered":"https:\/\/zjarr.tv\/?p=74537"},"modified":"2019-03-17T16:58:53","modified_gmt":"2019-03-17T15:58:53","slug":"shqiptaret-ne-zvicer-tifozet-i-vene-flaken-stadiumit","status":"publish","type":"post","link":"https:\/\/zjarr.tv\/sq\/shqiptaret-ne-zvicer-tifozet-i-vene-flaken-stadiumit\/","title":{"rendered":"Shqiptar\u00ebt  n\u00eb Zvic\u00ebr, tifoz\u00ebt i v\u00ebn\u00eb flak\u00ebn stadiumit"},"content":{"rendered":"<p>Ermir Lenjani duket se ka dh\u00ebn\u00eb nj\u00eb kund\u00ebrp\u00ebrgjigje ndaj Panu\u00e7it, p\u00ebr at\u00eb mos grumbullim te Komb\u00ebtarja p\u00ebr dy ndeshjet me Turqin\u00eb dhe Androrr\u00ebn.\u00a0Mbrojt\u00ebsi i majt\u00eb shqiptar ka dh\u00ebn\u00eb dy asist t\u00eb sigurt\u00eb p\u00ebr golat q\u00eb jan\u00eb sh\u00ebnuar nga Sioni kund\u00ebr Grashopersit. Lenjani ka rregjistruar k\u00ebshtu asistin e tij t\u00eb tet\u00eb n\u00eb k\u00ebt\u00eb sezon dhe konfirmon edhe nj\u00eb her\u00eb q\u00eb \u00ebsht\u00eb n\u00eb nj\u00eb form\u00eb t\u00eb shkqlyer.<\/p>\n<p>Gjithashtu lojtari shqiptar ka sh\u00ebnuar edhe tre gola k\u00ebt\u00eb sezon duke ndihmuar Sionin n\u00eb objektivat e saj.<\/p>\n<p>Nd\u00ebrkoh\u00eb loja \u00ebsht\u00eb nd\u00ebrprer\u00eb kur loja ishte 2-0, nga tifoz\u00ebt e Grashopersit, t\u00eb cil\u00ebt rrezikojn\u00eb t\u00eb bien nga Kategoria. Ata kan\u00eb hedhur shum\u00eb fishekzjarr\u00eb n\u00eb fush\u00ebn e loj\u00ebs dhe m\u00eb von\u00eb kan\u00eb djegur stolat plastik n\u00eb stadium, duke b\u00ebr\u00eb nj\u00eb atmosfer\u00eb mbyt\u00ebse. Arbitri e nd\u00ebrpreu ndeshjen duke \u00e7uar t\u00eb dyja skuadrat n\u00eb dhomat e zhveshjes. Lojtar\u00ebt miq kan\u00eb dal\u00eb p\u00ebr t\u00eb qet\u00ebsuar tifoz\u00ebt, t\u00eb cil\u00ebt ishin shum\u00eb t\u00eb irrituar dhe nuk u qet\u00ebsuan dot, p\u00ebr t\u00eb rinisur sfida.<\/p>\n<p>Pasojat pritet t\u00eb jen\u00eb t\u00eb r\u00ebnda p\u00ebr skuadr\u00ebn e Arlind Ajetit, e cila rrezikon nj\u00eb d\u00ebnim t\u00eb r\u00ebnd\u00eb dhe mbi t\u00eb gjitha me loj\u00ebn q\u00eb po b\u00ebn t\u00eb bjer\u00eb nga kategoria.<\/p>\n<p>&nbsp;<\/p>\n","protected":false},"excerpt":{"rendered":"<p>Ermir Lenjani duket se ka dh\u00ebn\u00eb nj\u00eb kund\u00ebrp\u00ebrgjigje ndaj Panu\u00e7it, p\u00ebr at\u00eb mos grumbullim te Komb\u00ebtarja p\u00ebr dy ndeshjet me Turqin\u00eb dhe Androrr\u00ebn.\u00a0Mbrojt\u00ebsi i majt\u00eb shqiptar ka dh\u00ebn\u00eb dy asist t\u00eb sigurt\u00eb p\u00ebr golat q\u00eb jan\u00eb sh\u00ebnuar nga Sioni kund\u00ebr Grashopersit. Lenjani ka rregjistruar k\u00ebshtu asistin e tij t\u00eb tet\u00eb n\u00eb k\u00ebt\u00eb sezon dhe konfirmon [&hellip;]<\/p>\n","protected":false},"author":2013,"featured_media":74538,"comment_status":"open","ping_status":"closed","sticky":false,"template":"","format":"standard","meta":{"footnotes":""},"categories":[241,192],"tags":[],"class_list":{"0":"post-74537","1":"post","2":"type-post","3":"status-publish","4":"format-standard","5":"has-post-thumbnail","7":"category-aktualitet","8":"category-sport"},"_links":{"self":[{"href":"https:\/\/zjarr.tv\/sq\/wp-json\/wp\/v2\/posts\/74537","targetHints":{"allow":["GET"]}}],"collection":[{"href":"https:\/\/zjarr.tv\/sq\/wp-json\/wp\/v2\/posts"}],"about":[{"href":"https:\/\/zjarr.tv\/sq\/wp-json\/wp\/v2\/types\/post"}],"author":[{"embeddable":true,"href":"https:\/\/zjarr.tv\/sq\/wp-json\/wp\/v2\/users\/2013"}],"replies":[{"embeddable":true,"href":"https:\/\/zjarr.tv\/sq\/wp-json\/wp\/v2\/comments?post=74537"}],"version-history":[{"count":0,"href":"https:\/\/zjarr.tv\/sq\/wp-json\/wp\/v2\/posts\/74537\/revisions"}],"wp:featuredmedia":[{"embeddable":true,"href":"https:\/\/zjarr.tv\/sq\/wp-json\/wp\/v2\/media\/74538"}],"wp:attachment":[{"href":"https:\/\/zjarr.tv\/sq\/wp-json\/wp\/v2\/media?parent=74537"}],"wp:term":[{"taxonomy":"category","embeddable":true,"href":"https:\/\/zjarr.tv\/sq\/wp-json\/wp\/v2\/categories?post=74537"},{"taxonomy":"post_tag","embeddable":true,"href":"https:\/\/zjarr.tv\/sq\/wp-json\/wp\/v2\/tags?post=74537"}],"curies":[{"name":"wp","href":"https:\/\/api.w.org\/{rel}","templated":true}]}}