{"id":74543,"date":"2019-03-17T17:18:24","date_gmt":"2019-03-17T16:18:24","guid":{"rendered":"https:\/\/zjarr.tv\/?p=74543"},"modified":"2019-03-17T17:18:24","modified_gmt":"2019-03-17T16:18:24","slug":"filmi-shqiptar-vleresohet-me-cmim-ne-festivalin-e-filmit-frankofon","status":"publish","type":"post","link":"https:\/\/zjarr.tv\/sq\/filmi-shqiptar-vleresohet-me-cmim-ne-festivalin-e-filmit-frankofon\/","title":{"rendered":"Filmi shqiptar vler\u00ebsohet me \u00e7mim n\u00eb Festivalin e Filmit Frankofon"},"content":{"rendered":"<p>Filmi shqiptar \u201cDelegacioni\u201d i regjizorit Bujar Limani e me skenar t\u00eb Artan Minarollit \u00ebsht\u00eb vler\u00ebsuar me \u00c7mimin e Madh t\u00eb Juris\u00eb n\u00eb Festivalin e Filmit Frankofon t\u00eb zhvilluar n\u00eb Rom\u00eb nga data 7-14 mars.<\/p>\n<p>N\u00eb Frakofilm Festival 2019 i organizuar nga Instituti i Kultur\u00ebs franceze e nga Ambasada Franceze n\u00eb Rom\u00eb n\u00eb bashk\u00ebpunim 84 \u00a0p\u00ebrfaq\u00ebsit\u00eb diplomatike t\u00eb Organizat\u00ebs Nd\u00ebrkomb\u00ebtare t\u00eb frankofonis\u00eb, \u00a0konkurruan filma nga vende t\u00eb ndryshme t\u00eb bot\u00ebs si Shqip\u00ebri, Rumani, Bullgari, Franc\u00eb, Belgjik\u00eb, Armeni, Kanada, Luksemburg, Marok, Tunizi, Zvic\u00ebr, Mali e Bregu i Fildisht\u00eb.<\/p>\n<p>Sivjet juria e edicionit t\u00eb 10 t\u00eb k\u00ebtij Festivali vler\u00ebsoj filmin shqiptar &#8220;Delegacioni &#8221; me Cmimin e Madh nd\u00ebrsa cmimin e publikut e fitoj filmi \u201cOne step behind the seraphim\u201d i regjisorit rumun Daniel Sandu.<\/p>\n<p>Presidenti i juris\u00eb gazetari Romanio Milani motivoj vler\u00ebsimin e filmit shqiptar si nj\u00eb histori unike e trajtuar me mjesht\u00ebri nga regjia e nga interpretimi ekzemplar\u00eb i t\u00eb gjith\u00eb aktor\u00ebve pjes\u00ebmarr\u00ebs.<\/p>\n<p>\u201cNisur nga nj\u00eb paradoks, nj\u00eb intelektual dezident duhet t\u00eb d\u00ebshmoj para Komisionit Europian mbi respektimin e t\u00eb drejtave t\u00eb njeriut n\u00eb favor t\u00eb regjimit komunist, i cili e mban mbyllur prej vitesh n\u00eb burg, shprehet \u00a0p\u00ebr k\u00ebt\u00eb film juria e Festivalit gjat\u00eb vler\u00ebsimit t\u00eb saj, skenari p\u00ebrqendrohet n\u00eb nj\u00eb klim\u00eb ideologjike e sociale ku sistemi n\u00eb vitin 1990 ka z\u00ebvend\u00ebsuar vet\u00ebm sip\u00ebrfaq\u00ebsisht diktatur\u00ebn. Preteksti provokues zhvillohet gjithnj\u00eb e n\u00eb rritje fal\u00eb nj\u00eb regjie t\u00eb kujdesur e t\u00eb matur. E papritshme dhe eksplozive \u00ebsht\u00eb skena finale e filmit q\u00eb politikisht i l\u00eb t\u00eb gjith\u00eb n\u00eb mes t\u00eb rrug\u00ebs. Ekzemplar\u00eb interpretimi i aktor\u00ebve kryesor\u00eb e jo protagonist\u00eb.\u201d<\/p>\n<p>N\u00eb filmin \u201dDelegacioni\u201d me regji t\u00eb Bujar Limanit e skenar t\u00eb Artan Minarollit interpretojn\u00eb aktor\u00ebt e njohur shqiptar\u00eb Viktor Zhysti, Ndricim Xhepa, Xhevdet Ferri etj.<\/p>\n","protected":false},"excerpt":{"rendered":"<p>Filmi shqiptar \u201cDelegacioni\u201d i regjizorit Bujar Limani e me skenar t\u00eb Artan Minarollit \u00ebsht\u00eb vler\u00ebsuar me \u00c7mimin e Madh t\u00eb Juris\u00eb n\u00eb Festivalin e Filmit Frankofon t\u00eb zhvilluar n\u00eb Rom\u00eb nga data 7-14 mars. N\u00eb Frakofilm Festival 2019 i organizuar nga Instituti i Kultur\u00ebs franceze e nga Ambasada Franceze n\u00eb Rom\u00eb n\u00eb bashk\u00ebpunim 84 \u00a0p\u00ebrfaq\u00ebsit\u00eb [&hellip;]<\/p>\n","protected":false},"author":2013,"featured_media":74544,"comment_status":"open","ping_status":"closed","sticky":false,"template":"","format":"standard","meta":{"footnotes":""},"categories":[241,337],"tags":[],"class_list":{"0":"post-74543","1":"post","2":"type-post","3":"status-publish","4":"format-standard","5":"has-post-thumbnail","7":"category-aktualitet","8":"category-kulture"},"_links":{"self":[{"href":"https:\/\/zjarr.tv\/sq\/wp-json\/wp\/v2\/posts\/74543","targetHints":{"allow":["GET"]}}],"collection":[{"href":"https:\/\/zjarr.tv\/sq\/wp-json\/wp\/v2\/posts"}],"about":[{"href":"https:\/\/zjarr.tv\/sq\/wp-json\/wp\/v2\/types\/post"}],"author":[{"embeddable":true,"href":"https:\/\/zjarr.tv\/sq\/wp-json\/wp\/v2\/users\/2013"}],"replies":[{"embeddable":true,"href":"https:\/\/zjarr.tv\/sq\/wp-json\/wp\/v2\/comments?post=74543"}],"version-history":[{"count":0,"href":"https:\/\/zjarr.tv\/sq\/wp-json\/wp\/v2\/posts\/74543\/revisions"}],"wp:featuredmedia":[{"embeddable":true,"href":"https:\/\/zjarr.tv\/sq\/wp-json\/wp\/v2\/media\/74544"}],"wp:attachment":[{"href":"https:\/\/zjarr.tv\/sq\/wp-json\/wp\/v2\/media?parent=74543"}],"wp:term":[{"taxonomy":"category","embeddable":true,"href":"https:\/\/zjarr.tv\/sq\/wp-json\/wp\/v2\/categories?post=74543"},{"taxonomy":"post_tag","embeddable":true,"href":"https:\/\/zjarr.tv\/sq\/wp-json\/wp\/v2\/tags?post=74543"}],"curies":[{"name":"wp","href":"https:\/\/api.w.org\/{rel}","templated":true}]}}