{"id":74559,"date":"2019-03-17T17:39:58","date_gmt":"2019-03-17T16:39:58","guid":{"rendered":"https:\/\/zjarr.tv\/?p=74559"},"modified":"2019-03-17T17:39:58","modified_gmt":"2019-03-17T16:39:58","slug":"shehu-sqarim-publik-per-shfaqjen-e-hijeve-te-erreta-mbi-minaren-e-xhamise-ne-tirane","status":"publish","type":"post","link":"https:\/\/zjarr.tv\/sq\/shehu-sqarim-publik-per-shfaqjen-e-hijeve-te-erreta-mbi-minaren-e-xhamise-ne-tirane\/","title":{"rendered":"Shehu: Sqarim publik p\u00ebr shfaqjen e &#8220;hijeve t\u00eb err\u00ebta&#8221; mbi minaren e xhamis\u00eb n\u00eb Tiran\u00eb"},"content":{"rendered":"<p>Ish-deputeti demokrat, Tritan Shehu, ka d\u00ebnuar ngjitjen e efektiv\u00ebve t\u00eb policis\u00eb n\u00eb minaren e xhamis\u00eb n\u00eb Tiran\u00eb p\u00ebr t\u00eb v\u00ebzhguar nga lart protest\u00ebn. Ai thot\u00eb se institucionet e kultit jan\u00eb t\u00eb paprekshme dhe t\u00eb respektuara dhe p\u00ebr k\u00ebt\u00eb k\u00ebrkon nj\u00eb sqarim publik nga policia e shtetit. Opozita e bashkuar zhvilloi t\u00eb shtun\u00ebn protest\u00ebn e radh\u00ebs, e cila zgjati p\u00ebr 4 or\u00eb. Fillimisht protestuesit u mblodh\u00ebn para Kryeministris\u00eb, m\u00eb pas u zhvendos\u00ebn te Kuvendi.<\/p>\n<p>&nbsp;<\/p>\n<p>&nbsp;<\/p>\n","protected":false},"excerpt":{"rendered":"<p>Ish-deputeti demokrat, Tritan Shehu, ka d\u00ebnuar ngjitjen e efektiv\u00ebve t\u00eb policis\u00eb n\u00eb minaren e xhamis\u00eb n\u00eb Tiran\u00eb p\u00ebr t\u00eb v\u00ebzhguar nga lart protest\u00ebn. Ai thot\u00eb se institucionet e kultit jan\u00eb t\u00eb paprekshme dhe t\u00eb respektuara dhe p\u00ebr k\u00ebt\u00eb k\u00ebrkon nj\u00eb sqarim publik nga policia e shtetit. Opozita e bashkuar zhvilloi t\u00eb shtun\u00ebn protest\u00ebn e radh\u00ebs, [&hellip;]<\/p>\n","protected":false},"author":2013,"featured_media":74560,"comment_status":"open","ping_status":"closed","sticky":false,"template":"","format":"standard","meta":{"footnotes":""},"categories":[241,235],"tags":[],"class_list":{"0":"post-74559","1":"post","2":"type-post","3":"status-publish","4":"format-standard","5":"has-post-thumbnail","7":"category-aktualitet","8":"category-vendi"},"_links":{"self":[{"href":"https:\/\/zjarr.tv\/sq\/wp-json\/wp\/v2\/posts\/74559","targetHints":{"allow":["GET"]}}],"collection":[{"href":"https:\/\/zjarr.tv\/sq\/wp-json\/wp\/v2\/posts"}],"about":[{"href":"https:\/\/zjarr.tv\/sq\/wp-json\/wp\/v2\/types\/post"}],"author":[{"embeddable":true,"href":"https:\/\/zjarr.tv\/sq\/wp-json\/wp\/v2\/users\/2013"}],"replies":[{"embeddable":true,"href":"https:\/\/zjarr.tv\/sq\/wp-json\/wp\/v2\/comments?post=74559"}],"version-history":[{"count":0,"href":"https:\/\/zjarr.tv\/sq\/wp-json\/wp\/v2\/posts\/74559\/revisions"}],"wp:featuredmedia":[{"embeddable":true,"href":"https:\/\/zjarr.tv\/sq\/wp-json\/wp\/v2\/media\/74560"}],"wp:attachment":[{"href":"https:\/\/zjarr.tv\/sq\/wp-json\/wp\/v2\/media?parent=74559"}],"wp:term":[{"taxonomy":"category","embeddable":true,"href":"https:\/\/zjarr.tv\/sq\/wp-json\/wp\/v2\/categories?post=74559"},{"taxonomy":"post_tag","embeddable":true,"href":"https:\/\/zjarr.tv\/sq\/wp-json\/wp\/v2\/tags?post=74559"}],"curies":[{"name":"wp","href":"https:\/\/api.w.org\/{rel}","templated":true}]}}