{"id":74570,"date":"2019-03-17T18:40:43","date_gmt":"2019-03-17T17:40:43","guid":{"rendered":"https:\/\/zjarr.tv\/?p=74570"},"modified":"2019-03-17T17:50:30","modified_gmt":"2019-03-17T16:50:30","slug":"vucic-protestuesit-fashistet-dhe-hajdutet","status":"publish","type":"post","link":"https:\/\/zjarr.tv\/sq\/vucic-protestuesit-fashistet-dhe-hajdutet\/","title":{"rendered":"Vu\u00e7i\u00e7: Protestuesit  \u2018Fashist\u00ebt dhe hajdut\u00ebt\u2019"},"content":{"rendered":"<p>Rreth dy mij\u00eb protestues rrethuan pallatin presidencial n\u00eb Beograd, nd\u00ebrsa Presidenti Aleksand\u00ebr Vu\u00e7i\u00e7 dha nj\u00eb konferenc\u00eb shtypi mbi episodet e djeshme n\u00eb televizionin publik. Udh\u00ebheq\u00ebsit e opozit\u00ebs mb\u00ebshtesin udh\u00ebheqjen e shqiptar\u00ebve t\u00eb Kosov\u00ebs dhe toleranc\u00ebn e vendeve per\u00ebndimore.<\/p>\n<p>Vu\u00e7i\u00e7 tha se nuk do t\u00eb diskutoj\u00eb me udh\u00ebheq\u00ebsit e opozit\u00ebs dhe nuk do t\u00eb p\u00ebrmbush\u00eb asnj\u00eb nga k\u00ebrkesat e tyre edhe n\u00ebse qindra mij\u00ebra protestues zbresin n\u00eb rrug\u00eb. Ishte mbres\u00ebl\u00ebn\u00ebse q\u00eb Vu\u00e7i\u00e7, gjat\u00eb konferenc\u00ebs p\u00ebr shtyp, vazhdimisht mori sh\u00ebnime nga koleg\u00ebt e tij qe e informonin at\u00eb p\u00ebr situat\u00ebn jasht\u00eb pallatit presidencial. \u00c7do her\u00eb q\u00eb ai njofton se \u00e7far\u00eb po b\u00ebjn\u00eb partner\u00ebt e tij, ai thot\u00eb se nuk ka frik\u00eb dhe nuk do t\u00eb t\u00ebrhiqet. Nj\u00eb nga mesazhet, pohoi ai, erdhi nga serb\u00ebt e Kosov\u00ebs t\u00eb cil\u00ebt shpreh\u00ebn gatishm\u00ebrin\u00eb e tyre p\u00ebr t\u00eb ardhur n\u00eb Beograd p\u00ebr ta mbrojtur at\u00eb.<\/p>\n<p>Udh\u00ebheq\u00ebsit e opozit\u00ebs p\u00ebrball\u00eb pallatit presidencial thon\u00eb se demonstruesit do t\u00eb vazhdojn\u00eb t\u00eb bllokojn\u00eb nd\u00ebrtes\u00ebn p\u00ebr t\u00eb parandaluar Vu\u00e7i\u00e7in t\u00eb largohet. Sidoqoft\u00eb, \u00ebsht\u00eb e dyshimt\u00eb n\u00ebse Vu\u00e7ic do t\u00eb zgjedh\u00eb t\u00eb dal\u00eb nga hyrja kryesore, pasi si\u00e7 dihet, pallati presidencial ka gjithashtu nj\u00eb tunel n\u00ebntok\u00ebsor q\u00eb largohet nga nd\u00ebrtesa.<\/p>\n<p>&nbsp;<\/p>\n","protected":false},"excerpt":{"rendered":"<p>Rreth dy mij\u00eb protestues rrethuan pallatin presidencial n\u00eb Beograd, nd\u00ebrsa Presidenti Aleksand\u00ebr Vu\u00e7i\u00e7 dha nj\u00eb konferenc\u00eb shtypi mbi episodet e djeshme n\u00eb televizionin publik. Udh\u00ebheq\u00ebsit e opozit\u00ebs mb\u00ebshtesin udh\u00ebheqjen e shqiptar\u00ebve t\u00eb Kosov\u00ebs dhe toleranc\u00ebn e vendeve per\u00ebndimore. Vu\u00e7i\u00e7 tha se nuk do t\u00eb diskutoj\u00eb me udh\u00ebheq\u00ebsit e opozit\u00ebs dhe nuk do t\u00eb p\u00ebrmbush\u00eb asnj\u00eb [&hellip;]<\/p>\n","protected":false},"author":2013,"featured_media":63073,"comment_status":"open","ping_status":"closed","sticky":false,"template":"","format":"standard","meta":{"footnotes":""},"categories":[241,2],"tags":[],"class_list":{"0":"post-74570","1":"post","2":"type-post","3":"status-publish","4":"format-standard","5":"has-post-thumbnail","7":"category-aktualitet","8":"category-rajoni"},"_links":{"self":[{"href":"https:\/\/zjarr.tv\/sq\/wp-json\/wp\/v2\/posts\/74570","targetHints":{"allow":["GET"]}}],"collection":[{"href":"https:\/\/zjarr.tv\/sq\/wp-json\/wp\/v2\/posts"}],"about":[{"href":"https:\/\/zjarr.tv\/sq\/wp-json\/wp\/v2\/types\/post"}],"author":[{"embeddable":true,"href":"https:\/\/zjarr.tv\/sq\/wp-json\/wp\/v2\/users\/2013"}],"replies":[{"embeddable":true,"href":"https:\/\/zjarr.tv\/sq\/wp-json\/wp\/v2\/comments?post=74570"}],"version-history":[{"count":0,"href":"https:\/\/zjarr.tv\/sq\/wp-json\/wp\/v2\/posts\/74570\/revisions"}],"wp:featuredmedia":[{"embeddable":true,"href":"https:\/\/zjarr.tv\/sq\/wp-json\/wp\/v2\/media\/63073"}],"wp:attachment":[{"href":"https:\/\/zjarr.tv\/sq\/wp-json\/wp\/v2\/media?parent=74570"}],"wp:term":[{"taxonomy":"category","embeddable":true,"href":"https:\/\/zjarr.tv\/sq\/wp-json\/wp\/v2\/categories?post=74570"},{"taxonomy":"post_tag","embeddable":true,"href":"https:\/\/zjarr.tv\/sq\/wp-json\/wp\/v2\/tags?post=74570"}],"curies":[{"name":"wp","href":"https:\/\/api.w.org\/{rel}","templated":true}]}}