{"id":74969,"date":"2019-03-20T12:33:36","date_gmt":"2019-03-20T11:33:36","guid":{"rendered":"https:\/\/zjarr.tv\/?p=74969"},"modified":"2019-03-20T12:33:36","modified_gmt":"2019-03-20T11:33:36","slug":"bulqize-po-benin-mesim-11-nxenes-perfundojne-ne-spital","status":"publish","type":"post","link":"https:\/\/zjarr.tv\/sq\/bulqize-po-benin-mesim-11-nxenes-perfundojne-ne-spital\/","title":{"rendered":"Bulqiz\u00eb\/ Po b\u00ebnin m\u00ebsim, 11 nx\u00ebn\u00ebs p\u00ebrfundojn\u00eb n\u00eb spital"},"content":{"rendered":"<p>Kan\u00eb p\u00ebrfunduar n\u00eb spital 11 nx\u00ebn\u00ebs t\u00eb mitur, t\u00eb cil\u00ebt kan\u00eb pasur t\u00eb vjella dhe marrje mendsh.<\/p>\n<p>F\u00ebmij\u00ebt nx\u00ebn\u00ebs n\u00eb klas\u00ebn e gjasht\u00eb, jan\u00eb d\u00ebrguar me urgjenc\u00eb n\u00eb spital.<\/p>\n<p>B\u00ebhet fjal\u00eb p\u00ebr nx\u00ebn\u00ebs t\u00eb shkoll\u00ebs \u201cShefqet Tan\u00e7i\u201d n\u00eb Bulqiz\u00eb.<\/p>\n<p>F\u00ebmij\u00ebt jan\u00eb ndjer\u00eb keq pas or\u00ebs s\u00eb laboratorit, teksa \u00ebsht\u00eb p\u00ebrdorur nj\u00eb l\u00ebnd\u00eb kimike.<\/p>\n<p>Gjendja e tyre u p\u00ebrkeq\u00ebsua me shpejt\u00ebsi, duke b\u00ebr\u00eb q\u00eb t\u00eb trajtohen n\u00eb spital n\u00ebn kujdesin e mjek\u00ebve, si\u00e7 mund t\u00eb shihni n\u00eb fotografi.<\/p>\n","protected":false},"excerpt":{"rendered":"<p>Kan\u00eb p\u00ebrfunduar n\u00eb spital 11 nx\u00ebn\u00ebs t\u00eb mitur, t\u00eb cil\u00ebt kan\u00eb pasur t\u00eb vjella dhe marrje mendsh. F\u00ebmij\u00ebt nx\u00ebn\u00ebs n\u00eb klas\u00ebn e gjasht\u00eb, jan\u00eb d\u00ebrguar me urgjenc\u00eb n\u00eb spital. B\u00ebhet fjal\u00eb p\u00ebr nx\u00ebn\u00ebs t\u00eb shkoll\u00ebs \u201cShefqet Tan\u00e7i\u201d n\u00eb Bulqiz\u00eb. F\u00ebmij\u00ebt jan\u00eb ndjer\u00eb keq pas or\u00ebs s\u00eb laboratorit, teksa \u00ebsht\u00eb p\u00ebrdorur nj\u00eb l\u00ebnd\u00eb kimike. Gjendja e [&hellip;]<\/p>\n","protected":false},"author":4,"featured_media":74970,"comment_status":"open","ping_status":"closed","sticky":false,"template":"","format":"standard","meta":{"footnotes":""},"categories":[241,231,235],"tags":[],"class_list":{"0":"post-74969","1":"post","2":"type-post","3":"status-publish","4":"format-standard","5":"has-post-thumbnail","7":"category-aktualitet","8":"category-lajme","9":"category-vendi"},"_links":{"self":[{"href":"https:\/\/zjarr.tv\/sq\/wp-json\/wp\/v2\/posts\/74969","targetHints":{"allow":["GET"]}}],"collection":[{"href":"https:\/\/zjarr.tv\/sq\/wp-json\/wp\/v2\/posts"}],"about":[{"href":"https:\/\/zjarr.tv\/sq\/wp-json\/wp\/v2\/types\/post"}],"author":[{"embeddable":true,"href":"https:\/\/zjarr.tv\/sq\/wp-json\/wp\/v2\/users\/4"}],"replies":[{"embeddable":true,"href":"https:\/\/zjarr.tv\/sq\/wp-json\/wp\/v2\/comments?post=74969"}],"version-history":[{"count":0,"href":"https:\/\/zjarr.tv\/sq\/wp-json\/wp\/v2\/posts\/74969\/revisions"}],"wp:featuredmedia":[{"embeddable":true,"href":"https:\/\/zjarr.tv\/sq\/wp-json\/wp\/v2\/media\/74970"}],"wp:attachment":[{"href":"https:\/\/zjarr.tv\/sq\/wp-json\/wp\/v2\/media?parent=74969"}],"wp:term":[{"taxonomy":"category","embeddable":true,"href":"https:\/\/zjarr.tv\/sq\/wp-json\/wp\/v2\/categories?post=74969"},{"taxonomy":"post_tag","embeddable":true,"href":"https:\/\/zjarr.tv\/sq\/wp-json\/wp\/v2\/tags?post=74969"}],"curies":[{"name":"wp","href":"https:\/\/api.w.org\/{rel}","templated":true}]}}