{"id":74994,"date":"2019-03-20T19:20:13","date_gmt":"2019-03-20T18:20:13","guid":{"rendered":"https:\/\/zjarr.tv\/?p=74994"},"modified":"2019-03-20T13:44:47","modified_gmt":"2019-03-20T12:44:47","slug":"brexit-juncker-kemi-bere-shume-leshime-ndaj-britanise","status":"publish","type":"post","link":"https:\/\/zjarr.tv\/sq\/brexit-juncker-kemi-bere-shume-leshime-ndaj-britanise\/","title":{"rendered":"Brexit\/ Juncker: Kemi b\u00ebr\u00eb shum\u00eb l\u00ebshime ndaj Britanis\u00eb"},"content":{"rendered":"<p>Shtyrja e Brexit p\u00ebrtej dat\u00ebs 29 mars \u00ebsht\u00eb nj\u00eb vendim t\u00eb cilin duhen ta marrin t\u00eb gjitha vendet e Bashkimit Europian, por kjo nuk do t\u00eb ndodh\u00eb k\u00ebt\u00eb jav\u00eb. P\u00ebr presidentin e Komisionit Europian, vendet an\u00ebtare kan\u00eb b\u00ebr\u00eb mjaft l\u00ebshime p\u00ebr qeverin\u00eb angleze, dhe secila pal\u00eb do t\u00eb mas\u00eb kostot politike dhe ekonomike t\u00eb \u00e7do zgjatjeje t\u00eb mundshme.<\/p>\n<p>Britania e Madhe n\u00eb samitin q\u00eb nis nes\u00ebr n\u00eb Bruksel pritet t\u00eb mos marr\u00eb nj\u00eb p\u00ebrgjigje pozitive p\u00ebr shtyrjen e Brexit p\u00ebrtej dat\u00ebs 29 mars.<br \/>\nK\u00ebshtu i komentoi presidenti i Komisionit Europian, Zhank-Klod Junker, raportimet se kabineti anglez po mendon zgjatjen 3 muaj deri n\u00eb 2 vite t\u00eb daljes s\u00eb vendit nga blloku europian.<\/p>\n<p><em>\u201cKemi b\u00ebr\u00eb shum\u00eb l\u00ebshime ndaj Britanis\u00eb s\u00eb Madhe, nuk mundemi m\u00eb. Nuk ka p\u00ebr t\u00eb pasur negociata dhe garanci t\u00eb tjera p\u00ebrpos atyre q\u00eb kemi dh\u00ebn\u00eb tashm\u00eb. K\u00ebt\u00eb \u00e7\u00ebshtje me gjas\u00eb do na duhet t\u00eb trajtojm\u00eb s\u00ebrish jav\u00ebn tjet\u00ebr.\u201d<\/em>-tha Juncker.<\/p>\n<p>K\u00ebrkesa e kryeministres Tereza May p\u00ebr shtyrjen e Brexit vjen pas d\u00ebshtimit q\u00eb qeveria e saj p\u00ebsoi dy her\u00eb n\u00eb parlament n\u00eb janar dhe nj\u00eb jav\u00eb m\u00eb par\u00eb, ku marr\u00ebveshja e negociuar me BE-n\u00eb u hodh posht\u00eb me shumic\u00eb votash.<\/p>\n<p>Zhvillimet e fundit kan\u00eb shtuar z\u00ebrat se kryeministrja May nuk ka autoritetin dhe mb\u00ebshtetjen e duhur partiake p\u00ebr ta realizuar Brexit sipas frym\u00ebs s\u00eb referendumit t\u00eb tri viteve m\u00eb par\u00eb, dhe se largimi i saj i parakohsh\u00ebm nga pushteti \u00ebsht\u00eb \u00e7\u00ebshtje kohe. Me ligjin aktual, vendi do t\u00eb largohet nga aleanca europiane brenda n\u00ebnt\u00eb dit\u00ebsh edhe n\u00ebse nuk arrihet nj\u00eb marr\u00ebveshje me Brukselin, por edhe dalja pa nj\u00eb akt juridik mes dy aleat\u00ebve \u00ebsht\u00eb refuzuar si nga laburist\u00ebt, edhe vet\u00eb konservator\u00ebt.<\/p>\n<p>&nbsp;<\/p>\n","protected":false},"excerpt":{"rendered":"<p>Shtyrja e Brexit p\u00ebrtej dat\u00ebs 29 mars \u00ebsht\u00eb nj\u00eb vendim t\u00eb cilin duhen ta marrin t\u00eb gjitha vendet e Bashkimit Europian, por kjo nuk do t\u00eb ndodh\u00eb k\u00ebt\u00eb jav\u00eb. P\u00ebr presidentin e Komisionit Europian, vendet an\u00ebtare kan\u00eb b\u00ebr\u00eb mjaft l\u00ebshime p\u00ebr qeverin\u00eb angleze, dhe secila pal\u00eb do t\u00eb mas\u00eb kostot politike dhe ekonomike t\u00eb \u00e7do [&hellip;]<\/p>\n","protected":false},"author":2013,"featured_media":60486,"comment_status":"open","ping_status":"closed","sticky":false,"template":"","format":"standard","meta":{"footnotes":""},"categories":[241,191],"tags":[],"class_list":{"0":"post-74994","1":"post","2":"type-post","3":"status-publish","4":"format-standard","5":"has-post-thumbnail","7":"category-aktualitet","8":"category-bota"},"_links":{"self":[{"href":"https:\/\/zjarr.tv\/sq\/wp-json\/wp\/v2\/posts\/74994","targetHints":{"allow":["GET"]}}],"collection":[{"href":"https:\/\/zjarr.tv\/sq\/wp-json\/wp\/v2\/posts"}],"about":[{"href":"https:\/\/zjarr.tv\/sq\/wp-json\/wp\/v2\/types\/post"}],"author":[{"embeddable":true,"href":"https:\/\/zjarr.tv\/sq\/wp-json\/wp\/v2\/users\/2013"}],"replies":[{"embeddable":true,"href":"https:\/\/zjarr.tv\/sq\/wp-json\/wp\/v2\/comments?post=74994"}],"version-history":[{"count":0,"href":"https:\/\/zjarr.tv\/sq\/wp-json\/wp\/v2\/posts\/74994\/revisions"}],"wp:featuredmedia":[{"embeddable":true,"href":"https:\/\/zjarr.tv\/sq\/wp-json\/wp\/v2\/media\/60486"}],"wp:attachment":[{"href":"https:\/\/zjarr.tv\/sq\/wp-json\/wp\/v2\/media?parent=74994"}],"wp:term":[{"taxonomy":"category","embeddable":true,"href":"https:\/\/zjarr.tv\/sq\/wp-json\/wp\/v2\/categories?post=74994"},{"taxonomy":"post_tag","embeddable":true,"href":"https:\/\/zjarr.tv\/sq\/wp-json\/wp\/v2\/tags?post=74994"}],"curies":[{"name":"wp","href":"https:\/\/api.w.org\/{rel}","templated":true}]}}