{"id":75009,"date":"2019-03-20T14:00:03","date_gmt":"2019-03-20T13:00:03","guid":{"rendered":"https:\/\/zjarr.tv\/?p=75009"},"modified":"2019-03-20T14:00:03","modified_gmt":"2019-03-20T13:00:03","slug":"vangjel-dule-jemi-vendi-me-standartet-e-te-ulta-te-respektimit-te-te-drejtave-te-minoriteteve","status":"publish","type":"post","link":"https:\/\/zjarr.tv\/sq\/vangjel-dule-jemi-vendi-me-standartet-e-te-ulta-te-respektimit-te-te-drejtave-te-minoriteteve\/","title":{"rendered":"Vangjel Dule: Jemi vendi me standartet e t\u00eb ulta t\u00eb respektimit t\u00eb t\u00eb drejtave t\u00eb minoriteteve"},"content":{"rendered":"<p style=\"background: white;margin: 0in 0in 7.5pt 0in\">Kreu i PBDNJ-s\u00eb, Vangjel Dule ka reguar pas thirrjes s\u00eb K\u00ebshillit t\u00eb Europ\u00ebs p\u00ebr regjistrimin e minoriteve.<\/p>\n<p style=\"background: white;text-align: start;margin: 0in 0in 7.5pt 0in\">Dule tha se ky \u00ebsht\u00eb nj\u00eb realitet i hidhur n\u00eb Shqip\u00ebri.<\/p>\n<p style=\"background: white;text-align: start;margin: 0in 0in 7.5pt 0in\">Nd\u00ebrsa i k\u00ebrkoi qeveris\u00eb t\u00eb instituticionalizoj\u00eb nj\u00eb dialog permanent mes strukturave shtet\u00ebrore dhe qeveritare p\u00ebr plot\u00ebsimin e kuadrit ligjor p\u00ebr t\u00eb drejtat e minoriteteve.<\/p>\n<p style=\"background: white;text-align: start;margin: 0in 0in 7.5pt 0in\"><span><strong>Vangjel Dule:<\/strong>\u00a0<\/span>&#8220;N\u00eb shtetin ton\u00eb nuk respektohen n\u00eb mas\u00ebn q\u00eb i k\u00ebrkohen t\u00eb drejtat e pjestar\u00ebve t\u00eb minoriteteve etnike. PBDNJ i drejtohet qeveris\u00eb por edhe klas\u00ebs politike n\u00eb vendin ton\u00eb se Shqip\u00ebria ka nevoj\u00eb p\u00ebr instituticionalizimin e nj\u00eb dialogu permanent dhe t\u00eb sinqert\u00eb midis strukturave shtet\u00ebrore dhe qeveritare me q\u00ebllim q\u00eb t\u00eb plot\u00ebsoj\u00eb kuadrin ligjor, t\u00eb amendoj\u00eb dhe ta p\u00ebrmir\u00ebsoj at\u00eb q\u00eb t\u00eb p\u00ebrputhet me standardet e respektueshme n\u00eb juridiksionin e K\u00ebshillit t\u00eb Evrop\u00ebs dhe Bashkimit Europian.<\/p>\n<p style=\"background: white;text-align: start;margin: 0in 0in 7.5pt 0in\">T\u00eb ngrihen t\u00eb gjitha instrumentet e nevojshme n\u00eb nivel lokal dhe qendror q\u00eb do mund\u00ebsojn\u00eb k\u00ebt\u00eb dialog por edhe implementimin e legjislacionit. Duhet kultivuar ai vullnet politik, i cili n\u00eb mas\u00eb t\u00eb konsiderueshme mbetet negativ ose inekzistenc n\u00eb lidhje me respektimin e t\u00eb drejtave t\u00eb minoriteteve. Fatkeq\u00ebsisht jemi vendi me standartet e t\u00eb ulta t\u00eb respektimit t\u00eb drejtave t\u00eb tyre.<\/p>\n<p style=\"background: white;text-align: start;margin: 0in 0in 7.5pt 0in\">Themeli i respektimit t\u00eb t\u00eb drejtave \u00ebsht\u00eb njohja e t\u00eb drejt\u00ebs s\u00eb vetdeklarimit. Ne jemi t\u00eb gatsh\u00ebm p\u00ebr t\u00eb marr\u00eb iniciativat e duhura dhe t\u00eb shtrijm\u00eb dor\u00ebn p\u00ebr t\u00eb gjith\u00eb ata aktor\u00eb dhe faktor\u00eb q\u00eb interesohen p\u00ebr p\u00ebrmir\u00ebsimin e standarteve te drejtave t\u00eb pjestar\u00ebve t\u00eb minoriteteve.<\/p>\n<h2><span style=\"font-size: 12.0pt\">\u00a0<\/span><\/h2>\n","protected":false},"excerpt":{"rendered":"<p>Kreu i PBDNJ-s\u00eb, Vangjel Dule ka reguar pas thirrjes s\u00eb K\u00ebshillit t\u00eb Europ\u00ebs p\u00ebr regjistrimin e minoriteve. Dule tha se ky \u00ebsht\u00eb nj\u00eb realitet i hidhur n\u00eb Shqip\u00ebri. Nd\u00ebrsa i k\u00ebrkoi qeveris\u00eb t\u00eb instituticionalizoj\u00eb nj\u00eb dialog permanent mes strukturave shtet\u00ebrore dhe qeveritare p\u00ebr plot\u00ebsimin e kuadrit ligjor p\u00ebr t\u00eb drejtat e minoriteteve. Vangjel Dule:\u00a0&#8220;N\u00eb shtetin [&hellip;]<\/p>\n","protected":false},"author":4,"featured_media":75010,"comment_status":"open","ping_status":"closed","sticky":false,"template":"","format":"standard","meta":{"footnotes":""},"categories":[241,231,235],"tags":[],"class_list":{"0":"post-75009","1":"post","2":"type-post","3":"status-publish","4":"format-standard","5":"has-post-thumbnail","7":"category-aktualitet","8":"category-lajme","9":"category-vendi"},"_links":{"self":[{"href":"https:\/\/zjarr.tv\/sq\/wp-json\/wp\/v2\/posts\/75009","targetHints":{"allow":["GET"]}}],"collection":[{"href":"https:\/\/zjarr.tv\/sq\/wp-json\/wp\/v2\/posts"}],"about":[{"href":"https:\/\/zjarr.tv\/sq\/wp-json\/wp\/v2\/types\/post"}],"author":[{"embeddable":true,"href":"https:\/\/zjarr.tv\/sq\/wp-json\/wp\/v2\/users\/4"}],"replies":[{"embeddable":true,"href":"https:\/\/zjarr.tv\/sq\/wp-json\/wp\/v2\/comments?post=75009"}],"version-history":[{"count":0,"href":"https:\/\/zjarr.tv\/sq\/wp-json\/wp\/v2\/posts\/75009\/revisions"}],"wp:featuredmedia":[{"embeddable":true,"href":"https:\/\/zjarr.tv\/sq\/wp-json\/wp\/v2\/media\/75010"}],"wp:attachment":[{"href":"https:\/\/zjarr.tv\/sq\/wp-json\/wp\/v2\/media?parent=75009"}],"wp:term":[{"taxonomy":"category","embeddable":true,"href":"https:\/\/zjarr.tv\/sq\/wp-json\/wp\/v2\/categories?post=75009"},{"taxonomy":"post_tag","embeddable":true,"href":"https:\/\/zjarr.tv\/sq\/wp-json\/wp\/v2\/tags?post=75009"}],"curies":[{"name":"wp","href":"https:\/\/api.w.org\/{rel}","templated":true}]}}