{"id":75013,"date":"2019-03-20T14:04:40","date_gmt":"2019-03-20T13:04:40","guid":{"rendered":"https:\/\/zjarr.tv\/?p=75013"},"modified":"2019-03-20T14:04:40","modified_gmt":"2019-03-20T13:04:40","slug":"balluku-miratohet-kontrata-e-koncesionit-per-aeroportin-e-kukesit","status":"publish","type":"post","link":"https:\/\/zjarr.tv\/sq\/balluku-miratohet-kontrata-e-koncesionit-per-aeroportin-e-kukesit\/","title":{"rendered":"Balluku: Miratohet kontrata e koncesionit p\u00ebr aeroportin e Kuk\u00ebsit"},"content":{"rendered":"<p>Gjat\u00eb nj\u00eb deklarate p\u00ebr mediat, ministrja e Infrastruktur\u00ebs dhe Energjis\u00eb, Belinda Balluku tha se qeveria ka miratuar kontrat\u00ebn e koncesionit p\u00ebr nd\u00ebrtimin e aeroportit t\u00eb Kuk\u00ebsit.<\/p>\n<p>Sipas ministres, kontrata e koncesionit \u00ebsht\u00eb p\u00ebr 35 vite, nd\u00ebrsa kontrata p\u00ebr nd\u00ebrtimin e aeroportit \u00ebsht\u00eb 24 muaj.<\/p>\n<p>\u201cSot \u00ebsht\u00eb miratuar nga qeveria kontrata e koncesionit p\u00ebr aeroportin e Kuk\u00ebsit. Koncesioni i tenderimit u krye n\u00eb dhjetor 2018. Koh\u00ebzgjatja e kontrat\u00ebs s\u00eb koncesionit \u00ebsht\u00eb 35 vite dhe kontrata p\u00ebr nd\u00ebrtimin e tij \u00ebsht\u00eb 24 muaj. P\u00ebr nd\u00ebrtimin e aeroportit do t\u00eb pun\u00ebsohen fillimisht 250 persona dhe n\u00eb faz\u00ebn finale do t\u00eb shkoj\u00eb n\u00eb 12 mij\u00eb t\u00eb pun\u00ebsuar. Aeroporti pritet t\u00eb ket\u00eb 300 mij\u00eb pasagjer\u00eb n\u00eb vit\u201d- tha Balluku.<\/p>\n","protected":false},"excerpt":{"rendered":"<p>Gjat\u00eb nj\u00eb deklarate p\u00ebr mediat, ministrja e Infrastruktur\u00ebs dhe Energjis\u00eb, Belinda Balluku tha se qeveria ka miratuar kontrat\u00ebn e koncesionit p\u00ebr nd\u00ebrtimin e aeroportit t\u00eb Kuk\u00ebsit. Sipas ministres, kontrata e koncesionit \u00ebsht\u00eb p\u00ebr 35 vite, nd\u00ebrsa kontrata p\u00ebr nd\u00ebrtimin e aeroportit \u00ebsht\u00eb 24 muaj. \u201cSot \u00ebsht\u00eb miratuar nga qeveria kontrata e koncesionit p\u00ebr aeroportin e [&hellip;]<\/p>\n","protected":false},"author":4,"featured_media":64555,"comment_status":"open","ping_status":"closed","sticky":false,"template":"","format":"standard","meta":{"footnotes":""},"categories":[241,231,235],"tags":[],"class_list":{"0":"post-75013","1":"post","2":"type-post","3":"status-publish","4":"format-standard","5":"has-post-thumbnail","7":"category-aktualitet","8":"category-lajme","9":"category-vendi"},"_links":{"self":[{"href":"https:\/\/zjarr.tv\/sq\/wp-json\/wp\/v2\/posts\/75013","targetHints":{"allow":["GET"]}}],"collection":[{"href":"https:\/\/zjarr.tv\/sq\/wp-json\/wp\/v2\/posts"}],"about":[{"href":"https:\/\/zjarr.tv\/sq\/wp-json\/wp\/v2\/types\/post"}],"author":[{"embeddable":true,"href":"https:\/\/zjarr.tv\/sq\/wp-json\/wp\/v2\/users\/4"}],"replies":[{"embeddable":true,"href":"https:\/\/zjarr.tv\/sq\/wp-json\/wp\/v2\/comments?post=75013"}],"version-history":[{"count":0,"href":"https:\/\/zjarr.tv\/sq\/wp-json\/wp\/v2\/posts\/75013\/revisions"}],"wp:featuredmedia":[{"embeddable":true,"href":"https:\/\/zjarr.tv\/sq\/wp-json\/wp\/v2\/media\/64555"}],"wp:attachment":[{"href":"https:\/\/zjarr.tv\/sq\/wp-json\/wp\/v2\/media?parent=75013"}],"wp:term":[{"taxonomy":"category","embeddable":true,"href":"https:\/\/zjarr.tv\/sq\/wp-json\/wp\/v2\/categories?post=75013"},{"taxonomy":"post_tag","embeddable":true,"href":"https:\/\/zjarr.tv\/sq\/wp-json\/wp\/v2\/tags?post=75013"}],"curies":[{"name":"wp","href":"https:\/\/api.w.org\/{rel}","templated":true}]}}