{"id":75018,"date":"2019-03-20T14:08:53","date_gmt":"2019-03-20T13:08:53","guid":{"rendered":"https:\/\/zjarr.tv\/?p=75018"},"modified":"2019-03-20T14:09:33","modified_gmt":"2019-03-20T13:09:33","slug":"follow-mbyti-gruan-prokuroria-kerkon-burg-perjete-per-burrin-cfare-rrezikon-mjeku","status":"publish","type":"post","link":"https:\/\/zjarr.tv\/sq\/follow-mbyti-gruan-prokuroria-kerkon-burg-perjete-per-burrin-cfare-rrezikon-mjeku\/","title":{"rendered":"Mbyti gruan, Prokuroria k\u00ebrkon burg p\u00ebrjet\u00eb p\u00ebr burrin, \u00e7far\u00eb rrezikon mjeku"},"content":{"rendered":"<p>Rrezikon d\u00ebnimin me burg p\u00ebrjet\u00eb 75-vje\u00e7ari Namik Velaj, i cili akuzohet p\u00ebr vrasjen e gruas s\u00eb tij Vreke Velaj.<\/p>\n<p>Prokuroria e Krimeve t\u00eb R\u00ebnda ka k\u00ebrkuar d\u00ebnimin me burg p\u00ebrjet\u00eb p\u00ebr t\u00eb n\u00eb seanc\u00ebn e sotme dhe me 3 vite burg e dy t\u00eb tjera heqje t\u00eb drejt\u00ebs p\u00ebr ushtrimin e detyr\u00ebs, p\u00ebr mjekun Ilir Tanku, i cili akuzohet se fshehu ngjarjen e ndodhur n\u00eb janar t\u00eb vitit 2017.<\/p>\n<p>Nga hetimet e policis\u00eb rezulton se vrasja e Vreke Velaj \u00ebsht\u00eb b\u00ebr\u00eb nga i shoqi, i cili e ka mbytur, nd\u00ebrsa m\u00eb tej ka fshehur ngjarjen.<\/p>\n<p>Vdekja e gruas 67-vje\u00e7are u trajtua si vdekje natyrale, por nga hetimet e policis\u00eb rezulton e provuar se autori i krimit \u00ebsht\u00eb bashk\u00ebshorti i saj Namik Velaj, 75 vje\u00e7, banues n\u00eb Patos.<\/p>\n<p>Dyshohet se i moshuari e ka mbytur t\u00eb shoqen dhe m\u00eb tej ka b\u00ebr\u00eb gjith\u00e7ka p\u00ebr ta sajuar si ngjarje natyrale, duke inskenuar situata t\u00eb besueshme te mjeku.<\/p>\n<p>Dyshimet p\u00ebr vrasjen e s\u00eb moshuar\u00ebs u hodh\u00ebn nga familjar\u00ebt e saj, pasi konstatuan shenja n\u00eb qaf\u00eb gjat\u00eb ceremonis\u00eb funerale.<\/p>\n<p>Namik Velaj akuzohet p\u00ebr vepr\u00ebn penale \u201cVrasje p\u00ebr shkak t\u00eb marr\u00ebdh\u00ebnieve familjare\u201d.<\/p>\n<p>Nd\u00ebrkoh\u00eb mjeku Tanku akuzohet p\u00ebr vepr\u00ebn penale \u201cShp\u00ebrdorim i detyr\u00ebs\u201d.<\/p>\n<p>Mjeku akuzohet p\u00ebr shp\u00ebrdorim detyre, pasi ka qen\u00eb n\u00eb pun\u00eb n\u00eb momentin kur Namiku ka d\u00ebrguar t\u00eb shoqen n\u00eb spital dhe kur \u00ebsht\u00eb deklaruar vdekja e saj.<\/p>\n","protected":false},"excerpt":{"rendered":"<p>Rrezikon d\u00ebnimin me burg p\u00ebrjet\u00eb 75-vje\u00e7ari Namik Velaj, i cili akuzohet p\u00ebr vrasjen e gruas s\u00eb tij Vreke Velaj. Prokuroria e Krimeve t\u00eb R\u00ebnda ka k\u00ebrkuar d\u00ebnimin me burg p\u00ebrjet\u00eb p\u00ebr t\u00eb n\u00eb seanc\u00ebn e sotme dhe me 3 vite burg e dy t\u00eb tjera heqje t\u00eb drejt\u00ebs p\u00ebr ushtrimin e detyr\u00ebs, p\u00ebr mjekun Ilir [&hellip;]<\/p>\n","protected":false},"author":4,"featured_media":75020,"comment_status":"open","ping_status":"closed","sticky":false,"template":"","format":"standard","meta":{"footnotes":""},"categories":[241,231,235],"tags":[],"class_list":{"0":"post-75018","1":"post","2":"type-post","3":"status-publish","4":"format-standard","5":"has-post-thumbnail","7":"category-aktualitet","8":"category-lajme","9":"category-vendi"},"_links":{"self":[{"href":"https:\/\/zjarr.tv\/sq\/wp-json\/wp\/v2\/posts\/75018","targetHints":{"allow":["GET"]}}],"collection":[{"href":"https:\/\/zjarr.tv\/sq\/wp-json\/wp\/v2\/posts"}],"about":[{"href":"https:\/\/zjarr.tv\/sq\/wp-json\/wp\/v2\/types\/post"}],"author":[{"embeddable":true,"href":"https:\/\/zjarr.tv\/sq\/wp-json\/wp\/v2\/users\/4"}],"replies":[{"embeddable":true,"href":"https:\/\/zjarr.tv\/sq\/wp-json\/wp\/v2\/comments?post=75018"}],"version-history":[{"count":0,"href":"https:\/\/zjarr.tv\/sq\/wp-json\/wp\/v2\/posts\/75018\/revisions"}],"wp:featuredmedia":[{"embeddable":true,"href":"https:\/\/zjarr.tv\/sq\/wp-json\/wp\/v2\/media\/75020"}],"wp:attachment":[{"href":"https:\/\/zjarr.tv\/sq\/wp-json\/wp\/v2\/media?parent=75018"}],"wp:term":[{"taxonomy":"category","embeddable":true,"href":"https:\/\/zjarr.tv\/sq\/wp-json\/wp\/v2\/categories?post=75018"},{"taxonomy":"post_tag","embeddable":true,"href":"https:\/\/zjarr.tv\/sq\/wp-json\/wp\/v2\/tags?post=75018"}],"curies":[{"name":"wp","href":"https:\/\/api.w.org\/{rel}","templated":true}]}}