{"id":75029,"date":"2019-03-20T14:23:27","date_gmt":"2019-03-20T13:23:27","guid":{"rendered":"https:\/\/zjarr.tv\/?p=75029"},"modified":"2019-03-20T14:23:27","modified_gmt":"2019-03-20T13:23:27","slug":"ka-nisur-senaca-gjyqesore-ndaj-ish-deputetes-demokrate-jorida-tabaku","status":"publish","type":"post","link":"https:\/\/zjarr.tv\/sq\/ka-nisur-senaca-gjyqesore-ndaj-ish-deputetes-demokrate-jorida-tabaku\/","title":{"rendered":"Ka nisur senaca gjyq\u00ebsore ndaj ish deputetes demokrate, Jorida Tabaku."},"content":{"rendered":"<p>Tabaku p\u00ebrballet me padin\u00eb p\u00ebr shpifje q\u00eb kryeministri Edi Rama ngriti ndaj saj,\u00a0n\u00eb lidhje me deklaratat e shumta q\u00eb ajo ka b\u00ebr\u00eb p\u00ebr \u00e7\u00ebshtjen e loj\u00ebrave t\u00eb fatit.<br \/>\nSenaca e par\u00eb gjyq\u00ebsore ndaj Tabakut po zhvillohet n\u00eb Gjykat\u00ebn e Tiran\u00ebs dhe \u00e7\u00ebshtja po shqyrtohet nga gjyqtarja Majlinda Bejleri. Tabaku ka akuzuar familjar\u00ebt e Ram\u00ebs dhe personave t\u00eb akuzuar p\u00ebr trafik nd\u00ebrkomb\u00ebtar qeniesh njer\u00ebzore dhe l\u00ebnd\u00ebsh narkotike p\u00ebr lidhje me kompanit\u00eb e loj\u00ebrave t\u00eb fatit. Ish ministrja ka p\u00ebrgatitur nj\u00eb mbrojtje prej 60 faqesh ku pretendon se \u00e7do deklarat\u00eb \u00ebsht\u00eb e bazuar n\u00eb fakte. N\u00eb mbrojtje Tabaku i q\u00ebndron deklaratave, se kompanit\u00eb me lidhje kriminale po pastrojne parate e krimit.<\/p>\n<p>&nbsp;<\/p>\n","protected":false},"excerpt":{"rendered":"<p>Tabaku p\u00ebrballet me padin\u00eb p\u00ebr shpifje q\u00eb kryeministri Edi Rama ngriti ndaj saj,\u00a0n\u00eb lidhje me deklaratat e shumta q\u00eb ajo ka b\u00ebr\u00eb p\u00ebr \u00e7\u00ebshtjen e loj\u00ebrave t\u00eb fatit. Senaca e par\u00eb gjyq\u00ebsore ndaj Tabakut po zhvillohet n\u00eb Gjykat\u00ebn e Tiran\u00ebs dhe \u00e7\u00ebshtja po shqyrtohet nga gjyqtarja Majlinda Bejleri. Tabaku ka akuzuar familjar\u00ebt e Ram\u00ebs dhe [&hellip;]<\/p>\n","protected":false},"author":2013,"featured_media":38615,"comment_status":"open","ping_status":"closed","sticky":false,"template":"","format":"standard","meta":{"footnotes":""},"categories":[241,235],"tags":[],"class_list":{"0":"post-75029","1":"post","2":"type-post","3":"status-publish","4":"format-standard","5":"has-post-thumbnail","7":"category-aktualitet","8":"category-vendi"},"_links":{"self":[{"href":"https:\/\/zjarr.tv\/sq\/wp-json\/wp\/v2\/posts\/75029","targetHints":{"allow":["GET"]}}],"collection":[{"href":"https:\/\/zjarr.tv\/sq\/wp-json\/wp\/v2\/posts"}],"about":[{"href":"https:\/\/zjarr.tv\/sq\/wp-json\/wp\/v2\/types\/post"}],"author":[{"embeddable":true,"href":"https:\/\/zjarr.tv\/sq\/wp-json\/wp\/v2\/users\/2013"}],"replies":[{"embeddable":true,"href":"https:\/\/zjarr.tv\/sq\/wp-json\/wp\/v2\/comments?post=75029"}],"version-history":[{"count":0,"href":"https:\/\/zjarr.tv\/sq\/wp-json\/wp\/v2\/posts\/75029\/revisions"}],"wp:featuredmedia":[{"embeddable":true,"href":"https:\/\/zjarr.tv\/sq\/wp-json\/wp\/v2\/media\/38615"}],"wp:attachment":[{"href":"https:\/\/zjarr.tv\/sq\/wp-json\/wp\/v2\/media?parent=75029"}],"wp:term":[{"taxonomy":"category","embeddable":true,"href":"https:\/\/zjarr.tv\/sq\/wp-json\/wp\/v2\/categories?post=75029"},{"taxonomy":"post_tag","embeddable":true,"href":"https:\/\/zjarr.tv\/sq\/wp-json\/wp\/v2\/tags?post=75029"}],"curies":[{"name":"wp","href":"https:\/\/api.w.org\/{rel}","templated":true}]}}