{"id":75031,"date":"2019-03-20T14:27:42","date_gmt":"2019-03-20T13:27:42","guid":{"rendered":"https:\/\/zjarr.tv\/?p=75031"},"modified":"2019-03-20T14:27:42","modified_gmt":"2019-03-20T13:27:42","slug":"zbulohet-identikiti-si-duket-sot-bleona-mata-vajza-qe-u-zhduk-ne-2010","status":"publish","type":"post","link":"https:\/\/zjarr.tv\/sq\/zbulohet-identikiti-si-duket-sot-bleona-mata-vajza-qe-u-zhduk-ne-2010\/","title":{"rendered":"Zbulohet Identikiti\/ Si duket sot Bleona Mata, vajza q\u00eb u zhduk n\u00eb 2010"},"content":{"rendered":"<p>Ekspert\u00eb nd\u00ebrkomb\u00ebtar\u00eb amerikan\u00eb n\u00eb bashk\u00ebpunim \u00a0me CRCA kan\u00eb realizuar identikitin e vajz\u00ebs q\u00eb u zhduk pa l\u00ebn\u00eb gjurm\u00eb n\u00eb mosh\u00ebn e saj 6 vje\u00e7are. Identikiti tregon si do t\u00eb dukej ajo sot n\u00eb mosh\u00ebn 16 vje\u00e7ar. P\u00ebr realizimin e identikitit u p\u00ebrdor\u00ebn fotot e familjar\u00ebve t\u00eb Bleon\u00ebs, \u00a0n\u00ebna, babai dhe i v\u00ebllai. \u00a0\u00a0 Bleona Mata u zhduk m\u00eb 22 maj t\u00eb vitit 2010 teksa kulloste bag\u00ebtit\u00eb n\u00eb malin e fshatit Zapod, t\u00eb Kuk\u00ebsit, shum\u00eb pran\u00eb banes\u00ebs s\u00eb saj s\u00eb bashku me 5 vajza t\u00eb tjera . E \u00ebma nuk ka reshtur asnj\u00ebher\u00eb s\u00eb k\u00ebrkuari vajz\u00ebn.\u00a0 At\u00ebher\u00eb policia mori dhe rimori n\u00eb pyetje vajzat, por asnj\u00ebra prej tyre nuk \u00a0tregoi asnj\u00eb gj\u00eb nga ajo \u00e7far\u00eb v\u00ebrtet\u00eb ndodhi at\u00eb pasdite kur Bleona u zhduk.<\/p>\n<p>&nbsp;<\/p>\n<p>&nbsp;<\/p>\n","protected":false},"excerpt":{"rendered":"<p>Ekspert\u00eb nd\u00ebrkomb\u00ebtar\u00eb amerikan\u00eb n\u00eb bashk\u00ebpunim \u00a0me CRCA kan\u00eb realizuar identikitin e vajz\u00ebs q\u00eb u zhduk pa l\u00ebn\u00eb gjurm\u00eb n\u00eb mosh\u00ebn e saj 6 vje\u00e7are. Identikiti tregon si do t\u00eb dukej ajo sot n\u00eb mosh\u00ebn 16 vje\u00e7ar. P\u00ebr realizimin e identikitit u p\u00ebrdor\u00ebn fotot e familjar\u00ebve t\u00eb Bleon\u00ebs, \u00a0n\u00ebna, babai dhe i v\u00ebllai. \u00a0\u00a0 Bleona Mata [&hellip;]<\/p>\n","protected":false},"author":2013,"featured_media":0,"comment_status":"open","ping_status":"closed","sticky":false,"template":"","format":"standard","meta":{"footnotes":""},"categories":[241,235],"tags":[],"class_list":{"0":"post-75031","1":"post","2":"type-post","3":"status-publish","4":"format-standard","6":"category-aktualitet","7":"category-vendi"},"_links":{"self":[{"href":"https:\/\/zjarr.tv\/sq\/wp-json\/wp\/v2\/posts\/75031","targetHints":{"allow":["GET"]}}],"collection":[{"href":"https:\/\/zjarr.tv\/sq\/wp-json\/wp\/v2\/posts"}],"about":[{"href":"https:\/\/zjarr.tv\/sq\/wp-json\/wp\/v2\/types\/post"}],"author":[{"embeddable":true,"href":"https:\/\/zjarr.tv\/sq\/wp-json\/wp\/v2\/users\/2013"}],"replies":[{"embeddable":true,"href":"https:\/\/zjarr.tv\/sq\/wp-json\/wp\/v2\/comments?post=75031"}],"version-history":[{"count":0,"href":"https:\/\/zjarr.tv\/sq\/wp-json\/wp\/v2\/posts\/75031\/revisions"}],"wp:attachment":[{"href":"https:\/\/zjarr.tv\/sq\/wp-json\/wp\/v2\/media?parent=75031"}],"wp:term":[{"taxonomy":"category","embeddable":true,"href":"https:\/\/zjarr.tv\/sq\/wp-json\/wp\/v2\/categories?post=75031"},{"taxonomy":"post_tag","embeddable":true,"href":"https:\/\/zjarr.tv\/sq\/wp-json\/wp\/v2\/tags?post=75031"}],"curies":[{"name":"wp","href":"https:\/\/api.w.org\/{rel}","templated":true}]}}