{"id":75044,"date":"2019-03-20T15:03:05","date_gmt":"2019-03-20T14:03:05","guid":{"rendered":"https:\/\/zjarr.tv\/?p=75044"},"modified":"2019-03-20T15:03:05","modified_gmt":"2019-03-20T14:03:05","slug":"shperthim-ne-oborrin-e-nje-banese-ne-durres","status":"publish","type":"post","link":"https:\/\/zjarr.tv\/sq\/shperthim-ne-oborrin-e-nje-banese-ne-durres\/","title":{"rendered":"Shp\u00ebrthim n\u00eb oborrin e nj\u00eb banese n\u00eb Durr\u00ebs"},"content":{"rendered":"<p>Nj\u00eb shp\u00ebrthim ka ndodhur sot pas mesnate n\u00eb nj\u00eb banes\u00eb n\u00eb Durr\u00ebs, fatmir\u00ebsisht pa persona t\u00eb l\u00ebnduar. Sipas t\u00eb dh\u00ebnave zyrtare, ngjarja ka ndodhur rreth or\u00ebs 01:15, n\u00eb lagjen nr. 17\/1 Durr\u00ebs, n\u00eb oborrin e banes\u00ebs s\u00eb shtetasit Q.H., 54 vje\u00e7. Policia thot\u00eb se ka shp\u00ebrthyer nj\u00eb sasi e vog\u00ebl l\u00ebnde e dyshuar plas\u00ebse duke shkaktuar vet\u00ebm d\u00ebme t\u00eb vogla materiale. Ende nuk ka nj\u00eb pist\u00eb t\u00eb caktuar p\u00ebr ndonj\u00eb konflikt t\u00eb familjes. Grupi hetimor po punon p\u00ebr zbardhjen e plot\u00eb t\u00eb k\u00ebsaj ngjarje, identifikimin dhe kapjen e autorit\/\u00ebve.<\/p>\n<p>&nbsp;<\/p>\n<p>&nbsp;<\/p>\n","protected":false},"excerpt":{"rendered":"<p>Nj\u00eb shp\u00ebrthim ka ndodhur sot pas mesnate n\u00eb nj\u00eb banes\u00eb n\u00eb Durr\u00ebs, fatmir\u00ebsisht pa persona t\u00eb l\u00ebnduar. Sipas t\u00eb dh\u00ebnave zyrtare, ngjarja ka ndodhur rreth or\u00ebs 01:15, n\u00eb lagjen nr. 17\/1 Durr\u00ebs, n\u00eb oborrin e banes\u00ebs s\u00eb shtetasit Q.H., 54 vje\u00e7. Policia thot\u00eb se ka shp\u00ebrthyer nj\u00eb sasi e vog\u00ebl l\u00ebnde e dyshuar plas\u00ebse duke [&hellip;]<\/p>\n","protected":false},"author":2013,"featured_media":69615,"comment_status":"open","ping_status":"closed","sticky":false,"template":"","format":"standard","meta":{"footnotes":""},"categories":[241,235],"tags":[],"class_list":{"0":"post-75044","1":"post","2":"type-post","3":"status-publish","4":"format-standard","5":"has-post-thumbnail","7":"category-aktualitet","8":"category-vendi"},"_links":{"self":[{"href":"https:\/\/zjarr.tv\/sq\/wp-json\/wp\/v2\/posts\/75044","targetHints":{"allow":["GET"]}}],"collection":[{"href":"https:\/\/zjarr.tv\/sq\/wp-json\/wp\/v2\/posts"}],"about":[{"href":"https:\/\/zjarr.tv\/sq\/wp-json\/wp\/v2\/types\/post"}],"author":[{"embeddable":true,"href":"https:\/\/zjarr.tv\/sq\/wp-json\/wp\/v2\/users\/2013"}],"replies":[{"embeddable":true,"href":"https:\/\/zjarr.tv\/sq\/wp-json\/wp\/v2\/comments?post=75044"}],"version-history":[{"count":0,"href":"https:\/\/zjarr.tv\/sq\/wp-json\/wp\/v2\/posts\/75044\/revisions"}],"wp:featuredmedia":[{"embeddable":true,"href":"https:\/\/zjarr.tv\/sq\/wp-json\/wp\/v2\/media\/69615"}],"wp:attachment":[{"href":"https:\/\/zjarr.tv\/sq\/wp-json\/wp\/v2\/media?parent=75044"}],"wp:term":[{"taxonomy":"category","embeddable":true,"href":"https:\/\/zjarr.tv\/sq\/wp-json\/wp\/v2\/categories?post=75044"},{"taxonomy":"post_tag","embeddable":true,"href":"https:\/\/zjarr.tv\/sq\/wp-json\/wp\/v2\/tags?post=75044"}],"curies":[{"name":"wp","href":"https:\/\/api.w.org\/{rel}","templated":true}]}}