{"id":75060,"date":"2019-03-20T15:30:31","date_gmt":"2019-03-20T14:30:31","guid":{"rendered":"https:\/\/zjarr.tv\/?p=75060"},"modified":"2019-03-20T15:30:31","modified_gmt":"2019-03-20T14:30:31","slug":"nje-tjeter-ndryshim-ne-qeverine-rama","status":"publish","type":"post","link":"https:\/\/zjarr.tv\/sq\/nje-tjeter-ndryshim-ne-qeverine-rama\/","title":{"rendered":"Nj\u00eb tjet\u00ebr ndryshim n\u00eb qeverin\u00eb Rama"},"content":{"rendered":"<p>Pas shkarkimit t\u00eb zv\/ministres s\u00eb Drejt\u00ebsis\u00eb, Teuta Voda, nj\u00eb tjet\u00ebr ndryshim ka ardhur n\u00eb qeverin\u00eb e drejtuar nga Edi Rama. M\u00ebsohet ka dh\u00ebn\u00eb dor\u00ebheqjen edhe z\u00ebvend\u00ebs ministrja e Financave dhe Ekonomis\u00eb Albana Shkurta. Nuk dihet motivacioni dhe arsyeja e dor\u00ebheqjes s\u00eb zonj\u00ebs Shkurta.<\/p>\n","protected":false},"excerpt":{"rendered":"<p>Pas shkarkimit t\u00eb zv\/ministres s\u00eb Drejt\u00ebsis\u00eb, Teuta Voda, nj\u00eb tjet\u00ebr ndryshim ka ardhur n\u00eb qeverin\u00eb e drejtuar nga Edi Rama. M\u00ebsohet ka dh\u00ebn\u00eb dor\u00ebheqjen edhe z\u00ebvend\u00ebs ministrja e Financave dhe Ekonomis\u00eb Albana Shkurta. Nuk dihet motivacioni dhe arsyeja e dor\u00ebheqjes s\u00eb zonj\u00ebs Shkurta.<\/p>\n","protected":false},"author":2013,"featured_media":0,"comment_status":"open","ping_status":"closed","sticky":false,"template":"","format":"standard","meta":{"footnotes":""},"categories":[241,235],"tags":[],"class_list":{"0":"post-75060","1":"post","2":"type-post","3":"status-publish","4":"format-standard","6":"category-aktualitet","7":"category-vendi"},"_links":{"self":[{"href":"https:\/\/zjarr.tv\/sq\/wp-json\/wp\/v2\/posts\/75060","targetHints":{"allow":["GET"]}}],"collection":[{"href":"https:\/\/zjarr.tv\/sq\/wp-json\/wp\/v2\/posts"}],"about":[{"href":"https:\/\/zjarr.tv\/sq\/wp-json\/wp\/v2\/types\/post"}],"author":[{"embeddable":true,"href":"https:\/\/zjarr.tv\/sq\/wp-json\/wp\/v2\/users\/2013"}],"replies":[{"embeddable":true,"href":"https:\/\/zjarr.tv\/sq\/wp-json\/wp\/v2\/comments?post=75060"}],"version-history":[{"count":0,"href":"https:\/\/zjarr.tv\/sq\/wp-json\/wp\/v2\/posts\/75060\/revisions"}],"wp:attachment":[{"href":"https:\/\/zjarr.tv\/sq\/wp-json\/wp\/v2\/media?parent=75060"}],"wp:term":[{"taxonomy":"category","embeddable":true,"href":"https:\/\/zjarr.tv\/sq\/wp-json\/wp\/v2\/categories?post=75060"},{"taxonomy":"post_tag","embeddable":true,"href":"https:\/\/zjarr.tv\/sq\/wp-json\/wp\/v2\/tags?post=75060"}],"curies":[{"name":"wp","href":"https:\/\/api.w.org\/{rel}","templated":true}]}}