{"id":75063,"date":"2019-03-20T15:44:45","date_gmt":"2019-03-20T14:44:45","guid":{"rendered":"https:\/\/zjarr.tv\/?p=75063"},"modified":"2019-03-20T15:44:45","modified_gmt":"2019-03-20T14:44:45","slug":"meta-jam-gati-te-dorezoj-mandatin-kriza-nuk-zgjidhet-me","status":"publish","type":"post","link":"https:\/\/zjarr.tv\/sq\/meta-jam-gati-te-dorezoj-mandatin-kriza-nuk-zgjidhet-me\/","title":{"rendered":"Meta: Jam gati t\u00eb dor\u00ebzoj mandatin, kriza nuk zgjidhet me&#8230;"},"content":{"rendered":"<p>&nbsp;<\/p>\n<p>Presidenti i vendit Ilir Meta ka b\u00ebr\u00eb nj\u00eb deklarat\u00eb t\u00eb fort\u00eb nga Pogradeci, teksa ka th\u00ebn\u00eb se p\u00ebr zgjidhjen e kriz\u00ebs politike \u00ebsht\u00eb gati t\u00eb l\u00ebj\u00eb mandatin. Meta \u00ebsht\u00eb shprehur m\u00eb tej se kriza n\u00eb vend nuk mund t\u00eb zgjidhjet me p\u00ebrdorimin e dhun\u00ebs policore.<\/p>\n<p>Meta \u00ebsht\u00eb shprehur: P\u00ebr kriz\u00ebn aktuale jam gati t\u00eb dorezoj mandatin e presidentit. Sakrifica q\u00eb t\u00eb mos instalohet nj\u00eb junt\u00eb ushtarake. Kriza zgjidhet me dialog dhe p\u00ebrpjekje. Kriza nuk zgjidhet as me retorik\u00eb as me metoda policore. Jam gati t\u00eb sakrifikoj jet\u00ebn time si Salvador Allende.<\/p>\n<p>Nuk kemi gjykat\u00eb kushtetuese, kriza \u00ebsht\u00eb e q\u00ebllimshme, po c\u00ebnohet rendi kushtetues . Veprimi i opozit\u00ebs i d\u00ebnueshem dhe i papranueshem. Kuvendi ka 82 deputet\u00eb t\u00eb ligjsh\u00ebm, p\u00ebrfshir\u00eb edhe 3 q\u00eb nuk dogjen mandatet \u00e7do num\u00ebr tjet\u00ebr \u00ebsht\u00eb i kund\u00ebrshtuesh\u00ebm n\u00eb t\u00eb gjitha planet, politik, ligjor, moral.<\/p>\n<p>Mund t\u00eb thirren 1 milion\u00eb shqiptare mbi 18 vje\u00e7 p\u00ebr t\u00eb miratuar reformat, por kjo nuk e zgjidh kriz\u00ebn. Pasojat e k\u00ebsaj krize mund t\u00eb jen\u00eb t\u00eb r\u00ebnda p\u00ebr Shqip\u00ebrin\u00eb.<\/p>\n<p>Presidenti ndodhej n\u00eb Pogradec n\u00eb kuad\u00ebr t\u00eb fushat\u00ebs Komb\u00ebtare p\u00ebr dhurimin e gjakut, nd\u00ebrsa nuk iu ka shp\u00ebtuar pyetjeve t\u00eb gazetar\u00ebve p\u00ebr \u00e7\u00ebshtjet e aktualitetit.<\/p>\n<p>&nbsp;<\/p>\n","protected":false},"excerpt":{"rendered":"<p>&nbsp; Presidenti i vendit Ilir Meta ka b\u00ebr\u00eb nj\u00eb deklarat\u00eb t\u00eb fort\u00eb nga Pogradeci, teksa ka th\u00ebn\u00eb se p\u00ebr zgjidhjen e kriz\u00ebs politike \u00ebsht\u00eb gati t\u00eb l\u00ebj\u00eb mandatin. Meta \u00ebsht\u00eb shprehur m\u00eb tej se kriza n\u00eb vend nuk mund t\u00eb zgjidhjet me p\u00ebrdorimin e dhun\u00ebs policore. Meta \u00ebsht\u00eb shprehur: P\u00ebr kriz\u00ebn aktuale jam gati t\u00eb [&hellip;]<\/p>\n","protected":false},"author":2013,"featured_media":0,"comment_status":"open","ping_status":"closed","sticky":false,"template":"","format":"standard","meta":{"footnotes":""},"categories":[241,235],"tags":[],"class_list":{"0":"post-75063","1":"post","2":"type-post","3":"status-publish","4":"format-standard","6":"category-aktualitet","7":"category-vendi"},"_links":{"self":[{"href":"https:\/\/zjarr.tv\/sq\/wp-json\/wp\/v2\/posts\/75063","targetHints":{"allow":["GET"]}}],"collection":[{"href":"https:\/\/zjarr.tv\/sq\/wp-json\/wp\/v2\/posts"}],"about":[{"href":"https:\/\/zjarr.tv\/sq\/wp-json\/wp\/v2\/types\/post"}],"author":[{"embeddable":true,"href":"https:\/\/zjarr.tv\/sq\/wp-json\/wp\/v2\/users\/2013"}],"replies":[{"embeddable":true,"href":"https:\/\/zjarr.tv\/sq\/wp-json\/wp\/v2\/comments?post=75063"}],"version-history":[{"count":0,"href":"https:\/\/zjarr.tv\/sq\/wp-json\/wp\/v2\/posts\/75063\/revisions"}],"wp:attachment":[{"href":"https:\/\/zjarr.tv\/sq\/wp-json\/wp\/v2\/media?parent=75063"}],"wp:term":[{"taxonomy":"category","embeddable":true,"href":"https:\/\/zjarr.tv\/sq\/wp-json\/wp\/v2\/categories?post=75063"},{"taxonomy":"post_tag","embeddable":true,"href":"https:\/\/zjarr.tv\/sq\/wp-json\/wp\/v2\/tags?post=75063"}],"curies":[{"name":"wp","href":"https:\/\/api.w.org\/{rel}","templated":true}]}}