{"id":75065,"date":"2019-03-20T15:46:53","date_gmt":"2019-03-20T14:46:53","guid":{"rendered":"https:\/\/zjarr.tv\/?p=75065"},"modified":"2019-03-20T15:46:53","modified_gmt":"2019-03-20T14:46:53","slug":"neser-protesta-e-opozites-kuvendi-rrethohet-me-gardh-hekuri","status":"publish","type":"post","link":"https:\/\/zjarr.tv\/sq\/neser-protesta-e-opozites-kuvendi-rrethohet-me-gardh-hekuri\/","title":{"rendered":"Nes\u00ebr protesta e opozit\u00ebs\/ Kuvendi rrethohet me gardh hekuri"},"content":{"rendered":"<p>Opozita do ti rikthehet s\u00ebrish protestave para Parlamentit, p\u00ebr largimin e qeveris\u00eb Rama. Protesta \u00ebsht\u00eb parashikuar t\u00eb nis\u00eb nes\u00ebr rreth or\u00ebs 09:30 p\u00ebrpara Kuvendit. Nd\u00ebrkoh\u00eb policia ka nisur t\u00eb marr\u00eb masat p\u00ebr t\u00eb forcuar gardhin rrethues t\u00eb Kuvendit.<br \/>\nNdryshe nga her\u00ebn e kaluar \u00ebsht\u00eb vendosur gardh hekuri dhe bazamentet jan\u00eb forcuar me beton.<\/p>\n<p>\u201cPriten rreth 1500 forca policie t\u00eb jen\u00eb t\u00eb angazhuar\u201d.<\/p>\n<p>M\u00ebsohet se gardhi \u00ebsht\u00eb vendosur nga hyrja e parlamentit deri tek kalaja e Tiran\u00ebs Protesta e 16 marsit pati tension dhe p\u00ebrplasje para parlamentit n\u00eb nj\u00eb moment kur protestuesit tentuan t\u00eb thynin kordonin e policis\u00eb. Efektiv\u00ebt p\u00ebrdor\u00ebn gaz lotsjell\u00ebs dhe uj\u00eb p\u00ebr t\u00eb shp\u00ebrndar\u00eb turm\u00ebn e protestuesve.<\/p>\n<p>&nbsp;<\/p>\n","protected":false},"excerpt":{"rendered":"<p>Opozita do ti rikthehet s\u00ebrish protestave para Parlamentit, p\u00ebr largimin e qeveris\u00eb Rama. Protesta \u00ebsht\u00eb parashikuar t\u00eb nis\u00eb nes\u00ebr rreth or\u00ebs 09:30 p\u00ebrpara Kuvendit. Nd\u00ebrkoh\u00eb policia ka nisur t\u00eb marr\u00eb masat p\u00ebr t\u00eb forcuar gardhin rrethues t\u00eb Kuvendit. Ndryshe nga her\u00ebn e kaluar \u00ebsht\u00eb vendosur gardh hekuri dhe bazamentet jan\u00eb forcuar me beton. \u201cPriten rreth [&hellip;]<\/p>\n","protected":false},"author":2013,"featured_media":69773,"comment_status":"open","ping_status":"closed","sticky":false,"template":"","format":"standard","meta":{"footnotes":""},"categories":[241,235],"tags":[],"class_list":{"0":"post-75065","1":"post","2":"type-post","3":"status-publish","4":"format-standard","5":"has-post-thumbnail","7":"category-aktualitet","8":"category-vendi"},"_links":{"self":[{"href":"https:\/\/zjarr.tv\/sq\/wp-json\/wp\/v2\/posts\/75065","targetHints":{"allow":["GET"]}}],"collection":[{"href":"https:\/\/zjarr.tv\/sq\/wp-json\/wp\/v2\/posts"}],"about":[{"href":"https:\/\/zjarr.tv\/sq\/wp-json\/wp\/v2\/types\/post"}],"author":[{"embeddable":true,"href":"https:\/\/zjarr.tv\/sq\/wp-json\/wp\/v2\/users\/2013"}],"replies":[{"embeddable":true,"href":"https:\/\/zjarr.tv\/sq\/wp-json\/wp\/v2\/comments?post=75065"}],"version-history":[{"count":0,"href":"https:\/\/zjarr.tv\/sq\/wp-json\/wp\/v2\/posts\/75065\/revisions"}],"wp:featuredmedia":[{"embeddable":true,"href":"https:\/\/zjarr.tv\/sq\/wp-json\/wp\/v2\/media\/69773"}],"wp:attachment":[{"href":"https:\/\/zjarr.tv\/sq\/wp-json\/wp\/v2\/media?parent=75065"}],"wp:term":[{"taxonomy":"category","embeddable":true,"href":"https:\/\/zjarr.tv\/sq\/wp-json\/wp\/v2\/categories?post=75065"},{"taxonomy":"post_tag","embeddable":true,"href":"https:\/\/zjarr.tv\/sq\/wp-json\/wp\/v2\/tags?post=75065"}],"curies":[{"name":"wp","href":"https:\/\/api.w.org\/{rel}","templated":true}]}}