{"id":75067,"date":"2019-03-20T15:49:19","date_gmt":"2019-03-20T14:49:19","guid":{"rendered":"https:\/\/zjarr.tv\/?p=75067"},"modified":"2019-03-20T15:49:19","modified_gmt":"2019-03-20T14:49:19","slug":"djali-i-picierit-te-vrare-ne-durres-skam-lidhje-me-vrasjen-e-kurtit-jam-besimtar","status":"publish","type":"post","link":"https:\/\/zjarr.tv\/sq\/djali-i-picierit-te-vrare-ne-durres-skam-lidhje-me-vrasjen-e-kurtit-jam-besimtar\/","title":{"rendered":"Djali i picierit t\u00eb vrar\u00eb n\u00eb Durr\u00ebs: S&#8217;kam lidhje me vrasjen e Kurtit, jam besimtar"},"content":{"rendered":"<p>U njoftua gjat\u00eb dit\u00ebs s\u00eb sotme se \u00ebsht\u00eb shpallur n\u00eb k\u00ebrkim \u00a0p\u00ebr tu pyetur p\u00ebr vrasjen e Jurgen Kurtit. Djali u picierit t\u00eb vrar\u00eb n\u00eb Durr\u00ebs m\u00eb 2017 ka folir me medita pas lajmit. Ai mohon t\u00eb ket\u00eb lidhje me vrasjen e Jurgen Kurtit. N\u00eb nj\u00eb intervist\u00eb telefonike p\u00ebr Ora, Dervis Arapi thot\u00eb se \u00ebsht\u00eb gati t\u00eb vihet \u00a0n\u00eb dispozicion t\u00eb policis\u00eb por se nuk ka lidhje me vrasjen e ndodhur m\u00eb 18 mars 2019. Arapi thot\u00eb se ndodhet n\u00eb Itali dhe ka m\u00ebsuar vrasjen e Jurgenit p\u00ebrmes rrjeteve sociale.<\/p>\n<p>&#8220;Un\u00eb nuk kam asnj\u00eb lidhje me vrasjen e Jurgen Kurtit. Nuk kam pasur kurr\u00eb nd\u00ebrmend t\u00eb hakmerresha p\u00ebr vrasjen e babait tim. Un\u00eb jam besimtar dhe gjith\u00e7ka ia l\u00eb n\u00eb dor\u00eb Zotit. Un\u00eb jam i gatsh\u00ebm t\u00eb vihem n\u00eb funksion t\u00eb policis\u00eb&#8221;.<\/p>\n<p>&nbsp;<\/p>\n","protected":false},"excerpt":{"rendered":"<p>U njoftua gjat\u00eb dit\u00ebs s\u00eb sotme se \u00ebsht\u00eb shpallur n\u00eb k\u00ebrkim \u00a0p\u00ebr tu pyetur p\u00ebr vrasjen e Jurgen Kurtit. Djali u picierit t\u00eb vrar\u00eb n\u00eb Durr\u00ebs m\u00eb 2017 ka folir me medita pas lajmit. Ai mohon t\u00eb ket\u00eb lidhje me vrasjen e Jurgen Kurtit. N\u00eb nj\u00eb intervist\u00eb telefonike p\u00ebr Ora, Dervis Arapi thot\u00eb se \u00ebsht\u00eb [&hellip;]<\/p>\n","protected":false},"author":2013,"featured_media":74762,"comment_status":"open","ping_status":"closed","sticky":false,"template":"","format":"standard","meta":{"footnotes":""},"categories":[241,235],"tags":[],"class_list":{"0":"post-75067","1":"post","2":"type-post","3":"status-publish","4":"format-standard","5":"has-post-thumbnail","7":"category-aktualitet","8":"category-vendi"},"_links":{"self":[{"href":"https:\/\/zjarr.tv\/sq\/wp-json\/wp\/v2\/posts\/75067","targetHints":{"allow":["GET"]}}],"collection":[{"href":"https:\/\/zjarr.tv\/sq\/wp-json\/wp\/v2\/posts"}],"about":[{"href":"https:\/\/zjarr.tv\/sq\/wp-json\/wp\/v2\/types\/post"}],"author":[{"embeddable":true,"href":"https:\/\/zjarr.tv\/sq\/wp-json\/wp\/v2\/users\/2013"}],"replies":[{"embeddable":true,"href":"https:\/\/zjarr.tv\/sq\/wp-json\/wp\/v2\/comments?post=75067"}],"version-history":[{"count":0,"href":"https:\/\/zjarr.tv\/sq\/wp-json\/wp\/v2\/posts\/75067\/revisions"}],"wp:featuredmedia":[{"embeddable":true,"href":"https:\/\/zjarr.tv\/sq\/wp-json\/wp\/v2\/media\/74762"}],"wp:attachment":[{"href":"https:\/\/zjarr.tv\/sq\/wp-json\/wp\/v2\/media?parent=75067"}],"wp:term":[{"taxonomy":"category","embeddable":true,"href":"https:\/\/zjarr.tv\/sq\/wp-json\/wp\/v2\/categories?post=75067"},{"taxonomy":"post_tag","embeddable":true,"href":"https:\/\/zjarr.tv\/sq\/wp-json\/wp\/v2\/tags?post=75067"}],"curies":[{"name":"wp","href":"https:\/\/api.w.org\/{rel}","templated":true}]}}