{"id":75093,"date":"2019-03-20T16:29:29","date_gmt":"2019-03-20T15:29:29","guid":{"rendered":"https:\/\/zjarr.tv\/?p=75093"},"modified":"2019-03-20T16:29:29","modified_gmt":"2019-03-20T15:29:29","slug":"lleshaj-arritem-te-dalim-nga-harta-e-kanabisit","status":"publish","type":"post","link":"https:\/\/zjarr.tv\/sq\/lleshaj-arritem-te-dalim-nga-harta-e-kanabisit\/","title":{"rendered":"Lleshaj: Arrit\u00ebm t\u00eb dalim nga harta e kanabisit"},"content":{"rendered":"<p>Nga Kruja ministri i Brendsh\u00ebm, Sand\u00ebr Lleshaj tha se kultivimi i kanabisit tashm\u00eb \u00ebsht\u00eb nj\u00eb \u00e7\u00ebshtje e mbyllur p\u00ebrfundimisht. Gjat\u00eb takimit me p\u00ebrfaq\u00ebsues t\u00eb pushtetit vendor t\u00eb Kruj\u00ebs, drejtues t\u00eb strukturave t\u00eb Policis\u00eb, autoritete t\u00eb mjedisit dhe Inspektorate t\u00eb tjera n\u00eb Qark, Lleshaj paralajm\u00ebroi t\u00eb gjith\u00eb autoritetet lokale t\u00eb ken\u00eb angazhim t\u00eb plot\u00eb n\u00eb p\u00ebrputhje me detyrat q\u00eb p\u00ebrcaktohen nga Plani Komb\u00ebtar Antikanabis.<\/p>\n<p><em>\u201cShqip\u00ebria \u00ebsht\u00eb e angazhuar bot\u00ebrisht, q\u00eb t\u00eb dal\u00eb nga harta e kanabisit. E kemi arritur, por duhet t\u00eb jemi t\u00eb q\u00ebndruesh\u00ebm q\u00eb kjo pun\u00eb t\u00eb vijoj\u00eb. Plani Komb\u00ebtar Kund\u00ebr Kanabisit parashikon detyra t\u00eb qarta p\u00ebr t\u00eb gjith\u00eb institucionet. Institucioni i fundit t\u00eb cilit i drejtohet Plani, \u00ebsht\u00eb Policia. Policia ka p\u00ebr t\u00eb b\u00ebr\u00eb vet\u00ebm nj\u00eb pjes\u00eb t\u00eb pun\u00ebs, pjes\u00ebn e ligj zbatimit. Nd\u00ebrkoh\u00eb q\u00eb pjes\u00ebn tjet\u00ebr, kontrollin e territorit duhet ta b\u00ebjn\u00eb institucionet e tjera, sensibilizimin e qytetar\u00ebve duhet ta b\u00ebjn\u00eb institucionet e tjera. Do t\u00eb k\u00ebrkoja shum\u00eb prej t\u00eb gjith\u00eb administrator\u00ebve lokal\u00eb, nga bashkia, nga nj\u00ebsit\u00eb administrative, nga kryepleqt\u00eb q\u00eb t\u00eb kuptojn\u00eb mir\u00eb k\u00ebt\u00eb thirrje,\u201d<\/em>\u00a0tha nd\u00ebr t\u00eb tjera ministri Lleshaj.<\/p>\n<p>Pas aksioneve t\u00eb fundit t\u00eb Task Forc\u00ebs nd\u00ebrministrore, ku u bllokuan 12 gurore n\u00eb zon\u00ebn e Kruj\u00ebs, Ministri apeloi p\u00ebr ndalimin p\u00ebrfundimtar t\u00eb shkat\u00ebrrimit t\u00eb mjedisit.<\/p>\n<p><em>\u201c\u00cbsht\u00eb zhvilluar nj\u00eb industri e guroreve, e zhavorrit, e inerteve e t\u00eb tjera me radh\u00eb dhe pasojat e k\u00ebsaj ju i shihni vet\u00eb. Ajo q\u00eb \u00ebsht\u00eb b\u00ebr\u00eb \u00ebsht\u00eb v\u00ebshtir\u00eb t\u00eb zhb\u00ebhet m\u00eb. Por kjo pun\u00eb duhet t\u00eb stopohet, t\u00eb ndalohet nj\u00ebher\u00eb e p\u00ebrgjithmon\u00eb. Dhe pastaj, t\u00eb gjitha institucionet p\u00ebrkat\u00ebse, qofshin ato lokale, qofshin k\u00ebto qendrore, duhet t\u00eb marrin masa p\u00ebr rikuperimin e gjendjes, aq sa mund t\u00eb rikuperohet,\u201d<\/em>\u00a0tha ministri i Brendsh\u00ebm.<\/p>\n<p>Prokurori i Rrethit theksoi se kontrolli i territorit nuk \u00ebsht\u00eb vet\u00ebm detyr\u00eb e Policis\u00eb s\u00eb Shtetit. Ai u shpreh se p\u00ebr gjith\u00eb autoritetet p\u00ebrgjegj\u00ebse p\u00ebr territorin, do t\u00eb mbahet nj\u00eb q\u00ebndrim i prer\u00eb dhe i rrept\u00eb, n\u00eb respekt t\u00eb ligjit.<\/p>\n<p>&nbsp;<\/p>\n","protected":false},"excerpt":{"rendered":"<p>Nga Kruja ministri i Brendsh\u00ebm, Sand\u00ebr Lleshaj tha se kultivimi i kanabisit tashm\u00eb \u00ebsht\u00eb nj\u00eb \u00e7\u00ebshtje e mbyllur p\u00ebrfundimisht. Gjat\u00eb takimit me p\u00ebrfaq\u00ebsues t\u00eb pushtetit vendor t\u00eb Kruj\u00ebs, drejtues t\u00eb strukturave t\u00eb Policis\u00eb, autoritete t\u00eb mjedisit dhe Inspektorate t\u00eb tjera n\u00eb Qark, Lleshaj paralajm\u00ebroi t\u00eb gjith\u00eb autoritetet lokale t\u00eb ken\u00eb angazhim t\u00eb plot\u00eb n\u00eb p\u00ebrputhje [&hellip;]<\/p>\n","protected":false},"author":2013,"featured_media":0,"comment_status":"open","ping_status":"closed","sticky":false,"template":"","format":"standard","meta":{"footnotes":""},"categories":[241,235],"tags":[],"class_list":{"0":"post-75093","1":"post","2":"type-post","3":"status-publish","4":"format-standard","6":"category-aktualitet","7":"category-vendi"},"_links":{"self":[{"href":"https:\/\/zjarr.tv\/sq\/wp-json\/wp\/v2\/posts\/75093","targetHints":{"allow":["GET"]}}],"collection":[{"href":"https:\/\/zjarr.tv\/sq\/wp-json\/wp\/v2\/posts"}],"about":[{"href":"https:\/\/zjarr.tv\/sq\/wp-json\/wp\/v2\/types\/post"}],"author":[{"embeddable":true,"href":"https:\/\/zjarr.tv\/sq\/wp-json\/wp\/v2\/users\/2013"}],"replies":[{"embeddable":true,"href":"https:\/\/zjarr.tv\/sq\/wp-json\/wp\/v2\/comments?post=75093"}],"version-history":[{"count":0,"href":"https:\/\/zjarr.tv\/sq\/wp-json\/wp\/v2\/posts\/75093\/revisions"}],"wp:attachment":[{"href":"https:\/\/zjarr.tv\/sq\/wp-json\/wp\/v2\/media?parent=75093"}],"wp:term":[{"taxonomy":"category","embeddable":true,"href":"https:\/\/zjarr.tv\/sq\/wp-json\/wp\/v2\/categories?post=75093"},{"taxonomy":"post_tag","embeddable":true,"href":"https:\/\/zjarr.tv\/sq\/wp-json\/wp\/v2\/tags?post=75093"}],"curies":[{"name":"wp","href":"https:\/\/api.w.org\/{rel}","templated":true}]}}