{"id":75102,"date":"2019-03-20T16:50:03","date_gmt":"2019-03-20T15:50:03","guid":{"rendered":"https:\/\/zjarr.tv\/?p=75102"},"modified":"2019-03-20T16:50:03","modified_gmt":"2019-03-20T15:50:03","slug":"skandali-i-anijes-diciotti-a-do-te-denohet-mateo-salvini","status":"publish","type":"post","link":"https:\/\/zjarr.tv\/sq\/skandali-i-anijes-diciotti-a-do-te-denohet-mateo-salvini\/","title":{"rendered":"Skandali i anijes \u201cDiciotti\u201d, a do t\u00eb d\u00ebnohet Mateo Salvini?"},"content":{"rendered":"<p>Senati i Italis\u00eb ka votuar \u201ckund\u00ebr\u201d dh\u00ebnies s\u00eb autoritetit ndaj prokuror\u00ebve n\u00eb Sicili p\u00ebr t\u00eb vijuar hetimet p\u00ebr nj\u00eb rast t\u00eb rr\u00ebmbimit t\u00eb dyshuar ndaj nj\u00eb anijeje me emigrant\u00eb nga ana e ministrit t\u00eb Brendsh\u00ebm, Mateo Salvini. Skandali u publikua nga mediat italiane e ato bot\u00ebrore dhe u sh\u00ebnua vitin e kaluar. Salvini nuk lejoi q\u00eb n\u00eb brigjet italiane t\u00eb zbarkoj\u00eb nj\u00eb anije t\u00eb quajtur \u201cDiciotti\u201d me mbi 100 persona n\u00eb bord, duke i l\u00ebn\u00eb ata n\u00eb det t\u00eb hapur p\u00ebr disa dit\u00eb, shkruan \u201cAnsa\u201d. Rezultati paraprak i votimit tregon se Senati nuk do q\u00eb t\u00eb kryen hetime ndaj Salvinit, i cili \u00ebsht\u00eb nj\u00ebkoh\u00ebsisht edhe z\u00ebvend\u00ebskryeminist\u00ebr dhe lider i Legas. Senati nuk d\u00ebshiron q\u00eb Salvinit t\u2019i hiqet imuniteti parlamentar.<\/p>\n<p>M\u00eb her\u00ebt, Salvini kishte deklaruar p\u00ebrpara Senatit se nuk ndihet fajtor dhe se ka mbrojtur interesat e kombit italian.<\/p>\n<p>\u201cUn\u00eb deklaroj publikisht n\u00eb k\u00ebt\u00eb Senat se kam mbrojtur interesat e popullit italian. Edhe sikur t\u00eb paraqitem n\u00eb gjyq, un\u00eb do t\u00eb them se kam mbrojtur interesin e Italis\u00eb, kombin tim, Kushtetut\u00ebn dhe territorin e shtetit italian\u201d, u shpreh Salvini. Nga L\u00ebvizja Pes\u00eb Yjet, shumica e parlamentar\u00ebve votuan kund\u00ebr zhb\u00ebrjes s\u00eb mandatit p\u00ebr Salvinin, por kishte edhe z\u00ebra kritik\u00eb.<\/p>\n<p>&nbsp;<\/p>\n","protected":false},"excerpt":{"rendered":"<p>Senati i Italis\u00eb ka votuar \u201ckund\u00ebr\u201d dh\u00ebnies s\u00eb autoritetit ndaj prokuror\u00ebve n\u00eb Sicili p\u00ebr t\u00eb vijuar hetimet p\u00ebr nj\u00eb rast t\u00eb rr\u00ebmbimit t\u00eb dyshuar ndaj nj\u00eb anijeje me emigrant\u00eb nga ana e ministrit t\u00eb Brendsh\u00ebm, Mateo Salvini. Skandali u publikua nga mediat italiane e ato bot\u00ebrore dhe u sh\u00ebnua vitin e kaluar. Salvini nuk lejoi [&hellip;]<\/p>\n","protected":false},"author":2013,"featured_media":0,"comment_status":"open","ping_status":"closed","sticky":false,"template":"","format":"standard","meta":{"footnotes":""},"categories":[241,191],"tags":[],"class_list":{"0":"post-75102","1":"post","2":"type-post","3":"status-publish","4":"format-standard","6":"category-aktualitet","7":"category-bota"},"_links":{"self":[{"href":"https:\/\/zjarr.tv\/sq\/wp-json\/wp\/v2\/posts\/75102","targetHints":{"allow":["GET"]}}],"collection":[{"href":"https:\/\/zjarr.tv\/sq\/wp-json\/wp\/v2\/posts"}],"about":[{"href":"https:\/\/zjarr.tv\/sq\/wp-json\/wp\/v2\/types\/post"}],"author":[{"embeddable":true,"href":"https:\/\/zjarr.tv\/sq\/wp-json\/wp\/v2\/users\/2013"}],"replies":[{"embeddable":true,"href":"https:\/\/zjarr.tv\/sq\/wp-json\/wp\/v2\/comments?post=75102"}],"version-history":[{"count":0,"href":"https:\/\/zjarr.tv\/sq\/wp-json\/wp\/v2\/posts\/75102\/revisions"}],"wp:attachment":[{"href":"https:\/\/zjarr.tv\/sq\/wp-json\/wp\/v2\/media?parent=75102"}],"wp:term":[{"taxonomy":"category","embeddable":true,"href":"https:\/\/zjarr.tv\/sq\/wp-json\/wp\/v2\/categories?post=75102"},{"taxonomy":"post_tag","embeddable":true,"href":"https:\/\/zjarr.tv\/sq\/wp-json\/wp\/v2\/tags?post=75102"}],"curies":[{"name":"wp","href":"https:\/\/api.w.org\/{rel}","templated":true}]}}