{"id":75108,"date":"2019-03-20T17:23:14","date_gmt":"2019-03-20T16:23:14","guid":{"rendered":"https:\/\/zjarr.tv\/?p=75108"},"modified":"2019-03-20T17:23:14","modified_gmt":"2019-03-20T16:23:14","slug":"shkoder-ekzekutohet-35-vjecari","status":"publish","type":"post","link":"https:\/\/zjarr.tv\/sq\/shkoder-ekzekutohet-35-vjecari\/","title":{"rendered":"Shkod\u00ebr, ekzekutohet 35-vje\u00e7ari"},"content":{"rendered":"<p>Nj\u00eb 35-vje\u00e7ar \u00ebsht\u00eb ekzekutuar m\u00eb arm\u00eb zjarri n\u00eb Shkod\u00ebr. Ngjarja u regjistrua pasditen e k\u00ebsaj t\u00eb m\u00ebrkur\u00eb (20 mars) n\u00eb fshatin Grud\u00eb, tek vendi i njohur si Fusha e Aviacionit. Sipas policis\u00eb, viktima \u00ebsht\u00eb shtetasi Nard Polia i cili fillimishit u paraqit i plagosur n\u00eb spital, por nuk ka mundur ti mbijetoj\u00eb plag\u00ebve.<\/p>\n<p><em>&#8220;Sipas informacioneve t\u00eb para \u00ebsht\u00eb q\u00eblluar disa her\u00eb me arm\u00eb zjarri teksa po levizte me nj\u00eb automjet&#8221;,<\/em>\u00a0sqaron policia.<\/p>\n","protected":false},"excerpt":{"rendered":"<p>Nj\u00eb 35-vje\u00e7ar \u00ebsht\u00eb ekzekutuar m\u00eb arm\u00eb zjarri n\u00eb Shkod\u00ebr. Ngjarja u regjistrua pasditen e k\u00ebsaj t\u00eb m\u00ebrkur\u00eb (20 mars) n\u00eb fshatin Grud\u00eb, tek vendi i njohur si Fusha e Aviacionit. Sipas policis\u00eb, viktima \u00ebsht\u00eb shtetasi Nard Polia i cili fillimishit u paraqit i plagosur n\u00eb spital, por nuk ka mundur ti mbijetoj\u00eb plag\u00ebve. &#8220;Sipas informacioneve [&hellip;]<\/p>\n","protected":false},"author":2013,"featured_media":65451,"comment_status":"open","ping_status":"closed","sticky":false,"template":"","format":"standard","meta":{"footnotes":""},"categories":[241,235],"tags":[],"class_list":{"0":"post-75108","1":"post","2":"type-post","3":"status-publish","4":"format-standard","5":"has-post-thumbnail","7":"category-aktualitet","8":"category-vendi"},"_links":{"self":[{"href":"https:\/\/zjarr.tv\/sq\/wp-json\/wp\/v2\/posts\/75108","targetHints":{"allow":["GET"]}}],"collection":[{"href":"https:\/\/zjarr.tv\/sq\/wp-json\/wp\/v2\/posts"}],"about":[{"href":"https:\/\/zjarr.tv\/sq\/wp-json\/wp\/v2\/types\/post"}],"author":[{"embeddable":true,"href":"https:\/\/zjarr.tv\/sq\/wp-json\/wp\/v2\/users\/2013"}],"replies":[{"embeddable":true,"href":"https:\/\/zjarr.tv\/sq\/wp-json\/wp\/v2\/comments?post=75108"}],"version-history":[{"count":0,"href":"https:\/\/zjarr.tv\/sq\/wp-json\/wp\/v2\/posts\/75108\/revisions"}],"wp:featuredmedia":[{"embeddable":true,"href":"https:\/\/zjarr.tv\/sq\/wp-json\/wp\/v2\/media\/65451"}],"wp:attachment":[{"href":"https:\/\/zjarr.tv\/sq\/wp-json\/wp\/v2\/media?parent=75108"}],"wp:term":[{"taxonomy":"category","embeddable":true,"href":"https:\/\/zjarr.tv\/sq\/wp-json\/wp\/v2\/categories?post=75108"},{"taxonomy":"post_tag","embeddable":true,"href":"https:\/\/zjarr.tv\/sq\/wp-json\/wp\/v2\/tags?post=75108"}],"curies":[{"name":"wp","href":"https:\/\/api.w.org\/{rel}","templated":true}]}}