{"id":75113,"date":"2019-03-20T17:29:57","date_gmt":"2019-03-20T16:29:57","guid":{"rendered":"https:\/\/zjarr.tv\/?p=75113"},"modified":"2019-03-20T17:29:57","modified_gmt":"2019-03-20T16:29:57","slug":"vokshi-nxenesit-e-bulqizes-u-helmuan-me-lende-kimike","status":"publish","type":"post","link":"https:\/\/zjarr.tv\/sq\/vokshi-nxenesit-e-bulqizes-u-helmuan-me-lende-kimike\/","title":{"rendered":"Vokshi: Nx\u00ebn\u00ebsit e Bulqiz\u00ebs u helmuan me l\u00ebnd\u00eb kimike"},"content":{"rendered":"<p>Ish-deputetja e Partis\u00eb Demokratike Albana Vokshi p\u00ebrmes nj\u00eb statusi n\u00eb rrjetin social \u201cFacebook\u201d denoncon ngjarjen e sotme n\u00eb nj\u00eb shkoll\u00eb n\u00eb Bulqiz\u00eb, ku disa nx\u00ebn\u00ebs jan\u00eb helmuar. Ajo shprehet se dhjet\u00ebra f\u00ebmij\u00eb rrezikuan jet\u00ebn pasi jan\u00eb helmuar me l\u00ebnd\u00eb kimike.<\/p>\n<p>Reagimi i Albana Vokshit:<br \/>\nDhjet\u00ebra f\u00ebmij\u00eb rrezikuan jet\u00ebn n\u00eb Bulqiz\u00eb, pasi dyshohen se u helmuan nga l\u00ebnd\u00ebr kimike, n\u00eb p\u00ebrb\u00ebrje t\u00eb mjeteve m\u00ebsimore.<br \/>\nEdhe n\u00eb k\u00ebt\u00eb, rast Drejtoria Arsimore n\u00eb Dib\u00ebr dhe Ministria e Arsimit n\u00eb Tiran\u00eb nuk raportuan ngjarjen, ashtu si\u00e7 ndodhi pak muaj m\u00eb par\u00eb, n\u00eb shkoll\u00ebn e Shupenz\u00ebs n\u00eb Bulqiz\u00eb, ku u helmuan 60 nx\u00ebn\u00ebs.<\/p>\n<p>T\u00eb dy rastet jan\u00eb t\u00eb dyshuara si shkak i tenderave korruptive, q\u00eb jepen p\u00ebr infrastruktur\u00ebn dhe didaktik\u00ebn m\u00ebsimore n\u00eb shkolla.<br \/>\n\u00cbsht\u00eb pap\u00ebrgjehjshm\u00ebri totale e Ministres s\u00eb Arsimit Besa Shahini q\u00eb duhet t\u00eb ishte prononcuar s\u00eb pari p\u00ebr t\u2019u k\u00ebrkuar ndjes\u00eb prind\u00ebrve t\u00eb f\u00ebmij\u00ebve, t\u00eb helmuar, sepse n\u00eb vend t\u00eb plastelin\u00ebs, n\u00eb shkolla p\u00ebrdor sapunin 15 lek\u00ebsh\u2026( edhe ky mjet m\u00ebsimor i shkollave t\u00eb Rilindjes, duket si nj\u00eb kujtes\u00eb jo e rast\u00ebsishme e jet\u00ebs n\u00eb komuniz\u00ebm).<br \/>\nPor ministrja private e Ram\u00ebs, Besa Shahini, e \u201cst\u00ebrvitur\u201d nga mjeshtrat e propagand\u00ebs, ka vrapuar t\u00eb mbyll\u00eb skandalin e radh\u00ebs me kolegen e sh\u00ebndet\u00ebsis\u00eb Manastirlliu, si duket ka dh\u00ebn\u00eb urdh\u00ebr q\u00eb laboratori i analizave t\u2019i nxjerr\u00eb sh\u00ebndosh e mir\u00eb nx\u00ebn\u00ebsit e helmuar gjat\u00eb or\u00ebs s\u00eb vizatimit!<br \/>\nK\u00ebto ngjarje t\u00eb r\u00ebnda, me pasoja fatale n\u00eb sh\u00ebndetit e f\u00ebmij\u00ebve d\u00ebshmojn\u00eb edhe nj\u00eb her\u00eb q\u00eb Qeveria nuk e ka prioritet arsimimin, por tenderimin!<\/p>\n<p>Ndaj edhe investimet n\u00eb imfrastruktur\u00ebn e shkollave, laborator\u00eb dhe kabinetet IT, mjete e pajisje, dhe didaktik\u00eb jan\u00eb pothuajse zero.<br \/>\nKjo \u00ebsht\u00eb arsyeja q\u00eb n\u00eb vet\u00ebm 3 vite kan\u00eb braktisur bankat e shkollave 133 mij\u00eb nx\u00ebn\u00ebs, nd\u00ebr ta 26 mij\u00eb jan\u00eb larguar nga vendi p\u00ebr nj\u00eb arsimim m\u00eb t\u00eb mir\u00eb.<br \/>\n#Protesto21Mars<br \/>\n#ProtestoP\u00ebrArsimimCil\u00ebsorET\u00ebBarabart\u00ebP\u00ebrT\u00ebGjithe<\/p>\n<p>&nbsp;<\/p>\n","protected":false},"excerpt":{"rendered":"<p>Ish-deputetja e Partis\u00eb Demokratike Albana Vokshi p\u00ebrmes nj\u00eb statusi n\u00eb rrjetin social \u201cFacebook\u201d denoncon ngjarjen e sotme n\u00eb nj\u00eb shkoll\u00eb n\u00eb Bulqiz\u00eb, ku disa nx\u00ebn\u00ebs jan\u00eb helmuar. Ajo shprehet se dhjet\u00ebra f\u00ebmij\u00eb rrezikuan jet\u00ebn pasi jan\u00eb helmuar me l\u00ebnd\u00eb kimike. Reagimi i Albana Vokshit: Dhjet\u00ebra f\u00ebmij\u00eb rrezikuan jet\u00ebn n\u00eb Bulqiz\u00eb, pasi dyshohen se u helmuan [&hellip;]<\/p>\n","protected":false},"author":2013,"featured_media":52733,"comment_status":"open","ping_status":"closed","sticky":false,"template":"","format":"standard","meta":{"footnotes":""},"categories":[241,235],"tags":[],"class_list":{"0":"post-75113","1":"post","2":"type-post","3":"status-publish","4":"format-standard","5":"has-post-thumbnail","7":"category-aktualitet","8":"category-vendi"},"_links":{"self":[{"href":"https:\/\/zjarr.tv\/sq\/wp-json\/wp\/v2\/posts\/75113","targetHints":{"allow":["GET"]}}],"collection":[{"href":"https:\/\/zjarr.tv\/sq\/wp-json\/wp\/v2\/posts"}],"about":[{"href":"https:\/\/zjarr.tv\/sq\/wp-json\/wp\/v2\/types\/post"}],"author":[{"embeddable":true,"href":"https:\/\/zjarr.tv\/sq\/wp-json\/wp\/v2\/users\/2013"}],"replies":[{"embeddable":true,"href":"https:\/\/zjarr.tv\/sq\/wp-json\/wp\/v2\/comments?post=75113"}],"version-history":[{"count":0,"href":"https:\/\/zjarr.tv\/sq\/wp-json\/wp\/v2\/posts\/75113\/revisions"}],"wp:featuredmedia":[{"embeddable":true,"href":"https:\/\/zjarr.tv\/sq\/wp-json\/wp\/v2\/media\/52733"}],"wp:attachment":[{"href":"https:\/\/zjarr.tv\/sq\/wp-json\/wp\/v2\/media?parent=75113"}],"wp:term":[{"taxonomy":"category","embeddable":true,"href":"https:\/\/zjarr.tv\/sq\/wp-json\/wp\/v2\/categories?post=75113"},{"taxonomy":"post_tag","embeddable":true,"href":"https:\/\/zjarr.tv\/sq\/wp-json\/wp\/v2\/tags?post=75113"}],"curies":[{"name":"wp","href":"https:\/\/api.w.org\/{rel}","templated":true}]}}