{"id":75126,"date":"2019-03-20T17:48:00","date_gmt":"2019-03-20T16:48:00","guid":{"rendered":"https:\/\/zjarr.tv\/?p=75126"},"modified":"2019-03-20T17:48:00","modified_gmt":"2019-03-20T16:48:00","slug":"ina-zhupa-veliaj-po-detyron-punonjesit-te-shkojne-ne-shesh","status":"publish","type":"post","link":"https:\/\/zjarr.tv\/sq\/ina-zhupa-veliaj-po-detyron-punonjesit-te-shkojne-ne-shesh\/","title":{"rendered":"Ina Zhupa: Veliaj po detyron punonj\u00ebsit t\u00eb shkojn\u00eb n\u00eb shesh"},"content":{"rendered":"<p>Z\u00ebdh\u00ebn\u00ebsja e Partis\u00eb Demokratike Ina Zhupa, ka reaguar lidhur me Kongresin e Partis\u00eb Socialiste, q\u00eb pritet t\u00eb zhvillohet m\u00eb 23 Mars, n\u00eb or\u00ebn 11:00, ku pritet konfirmimi i kadidaturave t\u00eb Partis\u00eb Socialiste p\u00ebr zgjedhjet lokale. Me an\u00eb t\u00eb nj\u00eb postimi n\u00eb rrjetet sociale, Zhupa shprehet se nd\u00ebrsa t\u00eb shtun\u00ebn k\u00ebrkon nj\u00eb mandat t\u00eb dyt\u00eb p\u00ebr Tiran\u00ebn, detyron punonj\u00ebsit q\u00eb t\u00eb \u00e7ojn\u00eb nga 5 persona secili n\u00eb shesh.<\/p>\n<p>M\u00eb tej ajo shprehet se ndon\u00ebse Veliaj erdhi me premtimin se do t\u00eb ket\u00eb 0 nd\u00ebrtime n\u00eb Tiran\u00eb, n\u00eb fund t\u00eb mandatit rezultojn\u00eb t\u00eb dh\u00ebna 390 leje nd\u00ebrtimi. Po ashtu Zhupa ka publikuar nj\u00eb poster t\u00eb cilin si i pari poster i v\u00ebrtet\u00eb i Tiran\u00ebs s\u00eb k\u00ebtyre 4 viteve.<\/p>\n<p><strong>Postimi i Ina Zhup\u00ebs<\/strong><\/p>\n<p><em>T\u00eb shtun\u00ebn Erioni Betoni k\u00ebrkon nj\u00eb mandat t\u00eb dyt\u00eb per Tiran\u00ebn q\u00eb Duan Oligark\u00ebt dhe Mafia e nd\u00ebrtimit!<\/em><\/p>\n<p><em>Detyron punonjesit qe te cojne nga 5 persona secili me vete ne shesh per tu dukur qe ka mbeshtetje, nderkohe qe qytetaret e Tiranes e kane braktisur.<\/em><\/p>\n<p><em>Nga zero ndertime ne Tirane si premtim elektoral, sot kemi numer rekord ndertimesh dhe kullash, duke arritur ne 390 leje ndertimesh per vitet e Veliajt ne krye te bashkise Tirane.<\/em><\/p>\n<p><em>Sot Tirana i sherben xhepave dhe kullave te Shkelqim Fushes, i sherben komplekseve dhe kullave te Edmond Begos, i sherben kullave te ish pronarit te bixhozit Dajlan Avdia, i sherben xhepave te firmes se vajzes se kryeministrit, i sherben xhepave te nje grushti oligarkesh qe e kane kthyer betonieren ne simbolin e qytetit.<\/em><\/p>\n<p>&nbsp;<\/p>\n","protected":false},"excerpt":{"rendered":"<p>Z\u00ebdh\u00ebn\u00ebsja e Partis\u00eb Demokratike Ina Zhupa, ka reaguar lidhur me Kongresin e Partis\u00eb Socialiste, q\u00eb pritet t\u00eb zhvillohet m\u00eb 23 Mars, n\u00eb or\u00ebn 11:00, ku pritet konfirmimi i kadidaturave t\u00eb Partis\u00eb Socialiste p\u00ebr zgjedhjet lokale. Me an\u00eb t\u00eb nj\u00eb postimi n\u00eb rrjetet sociale, Zhupa shprehet se nd\u00ebrsa t\u00eb shtun\u00ebn k\u00ebrkon nj\u00eb mandat t\u00eb dyt\u00eb p\u00ebr [&hellip;]<\/p>\n","protected":false},"author":2013,"featured_media":58000,"comment_status":"open","ping_status":"closed","sticky":false,"template":"","format":"standard","meta":{"footnotes":""},"categories":[241,235],"tags":[],"class_list":{"0":"post-75126","1":"post","2":"type-post","3":"status-publish","4":"format-standard","5":"has-post-thumbnail","7":"category-aktualitet","8":"category-vendi"},"_links":{"self":[{"href":"https:\/\/zjarr.tv\/sq\/wp-json\/wp\/v2\/posts\/75126","targetHints":{"allow":["GET"]}}],"collection":[{"href":"https:\/\/zjarr.tv\/sq\/wp-json\/wp\/v2\/posts"}],"about":[{"href":"https:\/\/zjarr.tv\/sq\/wp-json\/wp\/v2\/types\/post"}],"author":[{"embeddable":true,"href":"https:\/\/zjarr.tv\/sq\/wp-json\/wp\/v2\/users\/2013"}],"replies":[{"embeddable":true,"href":"https:\/\/zjarr.tv\/sq\/wp-json\/wp\/v2\/comments?post=75126"}],"version-history":[{"count":0,"href":"https:\/\/zjarr.tv\/sq\/wp-json\/wp\/v2\/posts\/75126\/revisions"}],"wp:featuredmedia":[{"embeddable":true,"href":"https:\/\/zjarr.tv\/sq\/wp-json\/wp\/v2\/media\/58000"}],"wp:attachment":[{"href":"https:\/\/zjarr.tv\/sq\/wp-json\/wp\/v2\/media?parent=75126"}],"wp:term":[{"taxonomy":"category","embeddable":true,"href":"https:\/\/zjarr.tv\/sq\/wp-json\/wp\/v2\/categories?post=75126"},{"taxonomy":"post_tag","embeddable":true,"href":"https:\/\/zjarr.tv\/sq\/wp-json\/wp\/v2\/tags?post=75126"}],"curies":[{"name":"wp","href":"https:\/\/api.w.org\/{rel}","templated":true}]}}