{"id":75278,"date":"2019-03-22T12:14:25","date_gmt":"2019-03-22T11:14:25","guid":{"rendered":"https:\/\/zjarr.tv\/?p=75278"},"modified":"2019-03-22T12:14:25","modified_gmt":"2019-03-22T11:14:25","slug":"zvicer-e-moshuara-masakron-shqiptarin-7-vjecar","status":"publish","type":"post","link":"https:\/\/zjarr.tv\/sq\/zvicer-e-moshuara-masakron-shqiptarin-7-vjecar\/","title":{"rendered":"Zvic\u00ebr, e moshuara masakron shqiptarin 7-vje\u00e7ar"},"content":{"rendered":"<p>Nj\u00eb ngjarje e r\u00ebnd\u00eb tronditi t\u00eb enjten Bazelin e Zvicr\u00ebs, t\u00eb enjten, 300 metra larg nj\u00eb shkolle, ku nj\u00eb 7 vje\u00e7ar u vra n\u00eb m\u00ebnyr\u00eb barbare nga nj\u00eb grua 75-vje\u00e7are. Djali 7 vje\u00e7ar me iniciale I. M, kishte mbaruar m\u00ebsimin dhe\u00a0 m\u00eb pas ishte nisur drejt sht\u00ebpis\u00eb.\u00a0 Por, n\u00eb k\u00ebt\u00eb koh\u00eb e moshuara i del para dhe e masakron me thik\u00eb n\u00eb trotuar.Menj\u00ebher\u00eb pas\u00a0 krimit, gruaja \u00a0largohet nga vendi i ngjarjes. Ajo q\u00eb e gjen vog\u00eblushin \u00ebsht\u00eb m\u00ebsuesja, e cila menj\u00ebher\u00eb m\u00eb pas alarmon policin\u00eb dhe spitalet. Pas ngjarjes vog\u00eblushi d\u00ebrgohet n\u00eb spital.<\/p>\n<p>Media zviceriane \u2018Burnet\u2019 shkruan se djaloshi nga Kosova kishte lindur n\u00eb Zvic\u00ebr. Zakonisht mamaja e merrte djalin n\u00eb shkoll\u00eb, por at\u00eb dit\u00eb ajo kishte f\u00ebmij\u00ebn e vog\u00ebl me temperatur\u00eb dhe nuk kishte dal\u00eb dot.<\/p>\n<p>&nbsp;<\/p>\n","protected":false},"excerpt":{"rendered":"<p>Nj\u00eb ngjarje e r\u00ebnd\u00eb tronditi t\u00eb enjten Bazelin e Zvicr\u00ebs, t\u00eb enjten, 300 metra larg nj\u00eb shkolle, ku nj\u00eb 7 vje\u00e7ar u vra n\u00eb m\u00ebnyr\u00eb barbare nga nj\u00eb grua 75-vje\u00e7are. Djali 7 vje\u00e7ar me iniciale I. M, kishte mbaruar m\u00ebsimin dhe\u00a0 m\u00eb pas ishte nisur drejt sht\u00ebpis\u00eb.\u00a0 Por, n\u00eb k\u00ebt\u00eb koh\u00eb e moshuara i del [&hellip;]<\/p>\n","protected":false},"author":2013,"featured_media":75279,"comment_status":"open","ping_status":"closed","sticky":false,"template":"","format":"standard","meta":{"footnotes":""},"categories":[241,235],"tags":[],"class_list":{"0":"post-75278","1":"post","2":"type-post","3":"status-publish","4":"format-standard","5":"has-post-thumbnail","7":"category-aktualitet","8":"category-vendi"},"_links":{"self":[{"href":"https:\/\/zjarr.tv\/sq\/wp-json\/wp\/v2\/posts\/75278","targetHints":{"allow":["GET"]}}],"collection":[{"href":"https:\/\/zjarr.tv\/sq\/wp-json\/wp\/v2\/posts"}],"about":[{"href":"https:\/\/zjarr.tv\/sq\/wp-json\/wp\/v2\/types\/post"}],"author":[{"embeddable":true,"href":"https:\/\/zjarr.tv\/sq\/wp-json\/wp\/v2\/users\/2013"}],"replies":[{"embeddable":true,"href":"https:\/\/zjarr.tv\/sq\/wp-json\/wp\/v2\/comments?post=75278"}],"version-history":[{"count":0,"href":"https:\/\/zjarr.tv\/sq\/wp-json\/wp\/v2\/posts\/75278\/revisions"}],"wp:featuredmedia":[{"embeddable":true,"href":"https:\/\/zjarr.tv\/sq\/wp-json\/wp\/v2\/media\/75279"}],"wp:attachment":[{"href":"https:\/\/zjarr.tv\/sq\/wp-json\/wp\/v2\/media?parent=75278"}],"wp:term":[{"taxonomy":"category","embeddable":true,"href":"https:\/\/zjarr.tv\/sq\/wp-json\/wp\/v2\/categories?post=75278"},{"taxonomy":"post_tag","embeddable":true,"href":"https:\/\/zjarr.tv\/sq\/wp-json\/wp\/v2\/tags?post=75278"}],"curies":[{"name":"wp","href":"https:\/\/api.w.org\/{rel}","templated":true}]}}