{"id":76094,"date":"2019-03-29T14:30:49","date_gmt":"2019-03-29T13:30:49","guid":{"rendered":"https:\/\/zjarr.tv\/?p=76094"},"modified":"2019-03-29T14:39:56","modified_gmt":"2019-03-29T13:39:56","slug":"tre-pulari-vendosin-per-ecurine-rrobaqepsive","status":"publish","type":"post","link":"https:\/\/zjarr.tv\/sq\/tre-pulari-vendosin-per-ecurine-rrobaqepsive\/","title":{"rendered":"VIDEO\/ Tre pulari vendosin p\u00ebr ecurin\u00eb rrobaqepsive"},"content":{"rendered":"<p>Administratori i Zjarr televizon Ismet Drishti ka qen\u00eb i pranis\u00ebm dit\u00ebn e sotme n\u00eb Konferenc\u00ebn \u201cMedia n\u00eb Mbrojtje t\u00eb Demokracis\u00eb\u201d q\u00eb po mbahet nga gazetar\u00ebt dhe kreu i PD-s\u00eb Lulzim Basha sot n\u00eb Tiran\u00eb.<\/p>\n<p>Drishti gjat\u00eb \u00a0fjal\u00ebs s\u00eb tij tha se liria e medias dhe liria e fjal\u00ebs varet vet\u00ebm nga liria ekonomike. Sipas tij kompanit\u00eb e m\u00ebdha q\u00eb operojn\u00eb n\u00eb Shqip\u00ebri, \u00a0jan\u00eb ato q\u00eb vensdosin se cila media do t\u00eb ec\u00eb dhe cila do t\u00eb falimentoj\u00eb.<\/p>\n<p><strong>Fjalimi i plot\u00eb<\/strong><\/p>\n<p>Mjafton t\u00eb hidhni nj\u00eb sy tavolin\u00ebs si \u00ebsht\u00eb katandisur dhe do t\u00eb kuptoni se cila \u00ebsht\u00eb liria e medias n\u00eb Shqip\u00ebri.<\/p>\n<p>Pse po e b\u00ebj k\u00ebt\u00eb krahasim?<\/p>\n<p>Liria e medias dhe liria e fjal\u00ebs \u00a0varet para s\u00eb gjithash nga liria ekonomike. Mediat e medha e kan\u00eb t\u00eb zgjidhur lirin\u00eb ekonomike dhe nuk jan\u00eb k\u00ebtu, nuk kan\u00eb pse flasin, e kan\u00eb fjal\u00ebn e lir\u00eb t\u00eb zgjidhur.<\/p>\n<p>Por Ship\u00ebrin\u00eb ka shum\u00eb problem, para s\u00eb gjithash \u00ebshte liria ekonomike.<\/p>\n<p>Do jap nj\u00eb shembull q\u00eb dikush edhe mund \u00a0t\u00eb \u00a0qesh\u00eb, e imagjinoni dot q\u00eb tri pulari t\u00eb vendosin sot se do t\u00eb jet\u00eb ecuria e rrobaqepsive n\u00eb Shqip\u00ebri.<\/p>\n<p>Do t\u00eb thoni \u00e7lidhje ka?<\/p>\n<p>Po ka shum\u00eb lidhje se tri kompanin\u00eb celulare q\u00eb menaxhojn\u00eb 70% t\u00eb tregut t\u00eb reklamave, vendosin se cili televizion n\u00eb Shqip\u00ebri do t\u00eb ec\u00eb dhe cili nuk do t\u00eb ec\u00eb.<\/p>\n<p>Kush do marr\u00eb dhe kush nuk do marr\u00eb do falimentoj\u00eb, dhe kush e vendos k\u00ebt\u00eb?!<\/p>\n<p>Paskemi dhe perfaq\u00ebsues nga AMA, AMA vet\u00eb deklaron se n\u00eb Shqip\u00ebri nuk ka nj\u00eb mekaniz\u00ebm t\u00eb matjes s\u00eb audjenc\u00ebs.<\/p>\n<p>Dhe i drejtohet perfaqesuesit te medias: Apo e kam gabim?<\/p>\n<p>Pra n\u00eb Shqip\u00ebri nuk ka nj\u00eb mekaniz\u00ebm t\u00eb matjes se audjenc\u00ebs, at\u00ebher\u00eb \u00e7far\u00eb na duhet?<\/p>\n<p>Si do zgjidhet se jan\u00eb tri pulari q\u00eb vendosin se cilat televizione do hecin dhe cilat nuk do t\u00eb hecin.<\/p>\n<p>Fol\u00ebm p\u00ebr media tradicionale dhe media online, ku kufit tashm\u00eb ka ra.<\/p>\n<p>Mediat tradicionale kan\u00eb qen\u00eb on air, tashm\u00eb jan\u00eb shtuar mjetet e komunikimit, nuk udh\u00ebtohet m\u00eb, vet\u00ebm me tren, por udh\u00ebtohet edhe me vetur\u00eb edhe me avion dhe motor\u00e7iklet\u00eb, dikush edhe me patina.<\/p>\n<p>Dhe mediat online shkon tek opinioni n\u00ebp\u00ebrmjet mjeteve t\u00eb ndyshme t\u00eb transportit.<\/p>\n<p>Pra media tradicionale dhe media online ka r\u00ebn\u00eb tashm\u00eb.<\/p>\n<p>K\u00ebto jan\u00eb ca t\u00eb v\u00ebrteta se duhet ti themi t\u00eb gjith\u00eb.<\/p>\n<p>Ju vet\u00eb e that\u00eb se medait online po b\u00ebjne investigime, nd\u00ebrkoh\u00eb q\u00eb medin tradicionale, ata q\u00eb e kan\u00eb fjal\u00ebn e lir\u00eb t\u00eb zgjidhur, sepse nuk jan\u00eb te kjo tavolin\u00eb, transmetojne mbjedhjet e pemeve te krytarit t\u00eb Bashkis\u00eb.<\/p>\n<p>A \u00ebsht\u00eb keshtu apo jo?<\/p>\n<p>Cila media online transmeton mbjedhjet e pem\u00ebve?<\/p>\n<p>Pra, para s\u00eb gjithash, se po flasim p\u00ebr fjal\u00ebn e lir\u00eb, fjala e lir\u00eb varet te liria ekonomike.<\/p>\n<p>Une e di q\u00eb me k\u00ebt\u00eb establishment, nuk do zgjidhim gj\u00eb, problemi \u00ebsht\u00eb n\u00ebse vini, do t\u00eb b\u00ebhet nj\u00eb ligj i mir\u00ebfillt\u00eb q\u00eb media t\u00eb ket\u00eb pamvar\u00ebsi, se po flisni p\u00ebr ato kasetat q\u00eb vijn\u00eb, \u00ebshte shum\u00eb e thjesht\u00eb\u00a0 transpetohet sepse mediat nuk kan\u00eb m\u00eb lek\u00eb me \u00e7u gazetar\u00eb, kameraman\u00eb shofer n\u00eb \u00e7 do aktivitet, dhe do mbushin programin do t\u00eb mbijetojn\u00eb n\u00eb treg.<\/p>\n<p>\u00c7far\u00eb do t\u00eb b\u00ebjm\u00eb?<\/p>\n<p>Do ta marrin t\u00eb gatshme ashtu si\u00e7 \u00ebsht\u00eb.<\/p>\n<p>Cili do t\u00eb donte ta transmetonte gatshme si\u00e7 \u00ebsht\u00eb, pa llogarit, se edhe kjo \u00ebsht\u00eb mese e v\u00ebrtet\u00eb q\u00eb qeveria nuk lejon hyrjen e gazetar\u00ebve n\u00ebp\u00ebr aktivitetet e veta.<\/p>\n<p>E kam pasqyruar jo m\u00eb larg se n\u00eb kongres, shkuan me bexha gazetar\u00ebsh, karta identiteti me vete, nuk na lejun t\u00eb futeshim, than\u00eb nuk keni akreditim.<\/p>\n<p>Si mund t\u00eb akreditohem kur ajo parti ta z\u00ebm\u00eb, nuk pranon t\u00eb komunikoj\u00eb fare me televizionin ton\u00eb.<\/p>\n<p>S\u2019do t\u00eb komunikoj\u00eb!<\/p>\n<p>Si do t\u00eb akreditohem un\u00eb?<\/p>\n<p>At\u00ebher\u00eb t\u00eb mos flasim ne pergjith\u00ebsi, ka probleme konkrete.<\/p>\n<p>A kemi se si i zgjidhim?!<\/p>\n<div id=\"fb-root\"><\/div>\n<p><script async=\"1\" defer=\"1\" crossorigin=\"anonymous\" src=\"https:\/\/connect.facebook.net\/de_DE\/sdk.js#xfbml=1&amp;version=v8.0\" nonce=\"Po6rG6FH\"><\/script><\/p>\n<div class=\"fb-video\" data-href=\"https:\/\/www.facebook.com\/ZjarrTelevizion\/videos\/277732453118886\/\" data-width=\"696\">\n<blockquote cite=\"https:\/\/www.facebook.com\/ZjarrTelevizion\/videos\/277732453118886\/\" class=\"fb-xfbml-parse-ignore\"><p><a href=\"https:\/\/www.facebook.com\/ZjarrTelevizion\/videos\/277732453118886\/\"><\/a><\/p>\n<p>Gepostet von <a href=\"https:\/\/www.facebook.com\/ZjarrTelevizion\/\">Zjarr Televizion<\/a> am Freitag, 29. M\u00e4rz 2019<\/p><\/blockquote>\n<\/div>\n<p><strong>\u00a0<\/strong><\/p>\n","protected":false},"excerpt":{"rendered":"<p>Administratori i Zjarr televizon Ismet Drishti ka qen\u00eb i pranis\u00ebm dit\u00ebn e sotme n\u00eb Konferenc\u00ebn \u201cMedia n\u00eb Mbrojtje t\u00eb Demokracis\u00eb\u201d q\u00eb po mbahet nga gazetar\u00ebt dhe kreu i PD-s\u00eb Lulzim Basha sot n\u00eb Tiran\u00eb. Drishti gjat\u00eb \u00a0fjal\u00ebs s\u00eb tij tha se liria e medias dhe liria e fjal\u00ebs varet vet\u00ebm nga liria ekonomike. Sipas tij [&hellip;]<\/p>\n","protected":false},"author":4,"featured_media":76131,"comment_status":"open","ping_status":"closed","sticky":false,"template":"","format":"standard","meta":{"footnotes":""},"categories":[241,231],"tags":[],"class_list":{"0":"post-76094","1":"post","2":"type-post","3":"status-publish","4":"format-standard","5":"has-post-thumbnail","7":"category-aktualitet","8":"category-lajme"},"_links":{"self":[{"href":"https:\/\/zjarr.tv\/sq\/wp-json\/wp\/v2\/posts\/76094","targetHints":{"allow":["GET"]}}],"collection":[{"href":"https:\/\/zjarr.tv\/sq\/wp-json\/wp\/v2\/posts"}],"about":[{"href":"https:\/\/zjarr.tv\/sq\/wp-json\/wp\/v2\/types\/post"}],"author":[{"embeddable":true,"href":"https:\/\/zjarr.tv\/sq\/wp-json\/wp\/v2\/users\/4"}],"replies":[{"embeddable":true,"href":"https:\/\/zjarr.tv\/sq\/wp-json\/wp\/v2\/comments?post=76094"}],"version-history":[{"count":0,"href":"https:\/\/zjarr.tv\/sq\/wp-json\/wp\/v2\/posts\/76094\/revisions"}],"wp:featuredmedia":[{"embeddable":true,"href":"https:\/\/zjarr.tv\/sq\/wp-json\/wp\/v2\/media\/76131"}],"wp:attachment":[{"href":"https:\/\/zjarr.tv\/sq\/wp-json\/wp\/v2\/media?parent=76094"}],"wp:term":[{"taxonomy":"category","embeddable":true,"href":"https:\/\/zjarr.tv\/sq\/wp-json\/wp\/v2\/categories?post=76094"},{"taxonomy":"post_tag","embeddable":true,"href":"https:\/\/zjarr.tv\/sq\/wp-json\/wp\/v2\/tags?post=76094"}],"curies":[{"name":"wp","href":"https:\/\/api.w.org\/{rel}","templated":true}]}}