{"id":76123,"date":"2019-03-29T14:26:56","date_gmt":"2019-03-29T13:26:56","guid":{"rendered":"https:\/\/zjarr.tv\/?p=76123"},"modified":"2019-03-29T14:26:56","modified_gmt":"2019-03-29T13:26:56","slug":"fatmir-guda-refuzon-mandatin-kam-vendosur-te-rri-me-qytetaret","status":"publish","type":"post","link":"https:\/\/zjarr.tv\/sq\/fatmir-guda-refuzon-mandatin-kam-vendosur-te-rri-me-qytetaret\/","title":{"rendered":"Fatmir Guda refuzon mandatin: Kam vendosur t\u00eb rri m\u00eb qytetar\u00ebt"},"content":{"rendered":"<p>Kandidati p\u00ebr deputet i qarkut t\u00eb Kor\u00e7\u00ebs, Fatmir Guda ka refuzuar mandatin n\u00ebp\u00ebrmjet nj\u00eb deklarate publike n\u00eb faqen e tij n\u00eb Facebook.<\/p>\n<p>\u201cEdhe pse e gjykuam se parlamenti ishte vendi dhe rasti i duhur p\u00ebr t\u00eb ngritur me forc\u00ebn e arsyes nj\u00eb nga \u00e7\u00ebshtjet m\u00eb me r\u00ebnd\u00ebsi si\u00e7 \u00ebsht\u00eb korrigjimi i hart\u00ebs territoriale administrative, konkluduam se ky institucion tashm\u00eb e ka humbur legjitimitetin dhe moralin\u201c, shkruan Guda.<\/p>\n<p>P\u00ebrmes rreshtave ai ka b\u00ebr\u00eb t\u00eb ditur se i jan\u00eb ofruar favore apo \u00ebsht\u00eb shantazhuar p\u00ebr t\u00eb pranuar mandatin e deputetit duke u shprehur se: \u201casnj\u00ebra e as tjetra s\u2019m\u00eb ka dyzuar aspak ta refuzoj prerazi mandatin e ardhur antikushtetuetshm\u00ebrisht\u201c.<\/p>\n<p><strong>Ja postimi i plot\u00eb i tij<\/strong><\/p>\n<p>\u00cbSHT\u00cb NDER DHE PRIVILEGJ T\u00cb Q\u00cbN\u00cbT PJES\u00cb E PARLAMENTIT T\u00cb V\u00cbNDIT T\u00cbND, T\u00cb P\u00cbRFAQ\u00cbSOSH DHE MBROSH ATJE INTERESAT E QYTETAR\u00cbVE T\u00cb TU!<\/p>\n<p>Por ja, q\u00eb kushtet n\u00eb t\u00eb cilat m\u00eb ofrohet marrja e mandatit t\u00eb deputetit p\u00ebr t\u00eb q\u00ebn\u00eb pjes\u00eb e tij jan\u00eb krejt\u00ebsisht larg normalitetit, pasi institucioni baz\u00eb i demokracis\u00eb gjendet n\u00eb kriz\u00ebn e tij m\u00eb t\u00eb thell\u00eb t\u00eb p\u00ebrfaq\u00ebsimit, p\u00ebr shkaqe t\u00eb njohura bot\u00ebrisht, q\u00eb nga p\u00ebrfshirja n\u00eb t\u00eb e element\u00ebve t\u00eb bot\u00ebs s\u00eb krimit dhe deri tek p\u00ebrdorimi i tij n\u00eb m\u00ebnyr\u00eb autoritariste p\u00ebr uzurpimin n\u00eb nj\u00eb dor\u00eb t\u00eb vetme t\u00eb t\u00eb gjitha pushteteve. \u00cbsht\u00eb kjo situat\u00eb q\u00eb dhe u ka diktuar partive opozitare vendimarrjen politike m\u00eb t\u00eb papre\u00e7edent\u00eb , si\u00e7 \u00ebsht\u00eb akti ekstrem i djegies n\u00eb grup t\u00eb mandateve parlamentare.<\/p>\n<p>Pa dashur t\u00eb abuzoj e ta b\u00ebj edhe m\u00eb qesharak termin \u201cu konsultova me nd\u00ebrkomb\u00ebtar\u00ebt\u201d, ju b\u00ebj me dije, se p\u00ebrve\u00e7 leximit qart\u00eb t\u00eb verdiktit unanim t\u00eb strukturave drejtuese t\u00eb PD dhe opozit\u00ebs s\u00eb bashkuar, t\u00eb vetmit me t\u00eb cil\u00ebt mbartja detyrimin p\u00ebr tu konsultuar ishin ata q\u00eb m\u00eb kan\u00eb mb\u00ebshtetur n\u00eb t\u00eb gjitha sfidat e mia politike, sikund\u00ebr edhe gjat\u00eb fushat\u00ebs elektorale t\u00eb 2017, t\u00eb cil\u00ebt m\u00eb k\u00ebrkuan t\u00eb mos dilja jasht\u00eb vullnetit politik t\u00eb subjektit q\u00eb un\u00eb p\u00ebrfaq\u00ebsoj.<\/p>\n<p>Edhe pse e gjykuam se parlamenti ishte v\u00ebndi dhe rasti i duhur p\u00ebr t\u00eb ngritur me forc\u00ebn e arsyes nj\u00eb nga \u00e7\u00ebshtjet m\u00eb me r\u00ebnd\u00ebsi si\u00e7 \u00ebsht\u00eb korrigjimi i hart\u00ebs territoriale administrative, konkluduam se ky institucion tashm\u00eb e ka humbur legjitimitetin dhe moralin me nj\u00eb munges\u00eb t\u00eb shprehur t\u00eb d\u00ebshir\u00ebs p\u00ebr t\u00eb d\u00ebgjuar z\u00ebrin opozitar dhe emergjenc\u00eb komb\u00ebtare \u00ebsht\u00eb zv\u00ebnd\u00ebsimi sa m\u00eb her\u00ebt me nj\u00eb kuvend shqiptar\u00ebsh t\u00eb dal\u00eb nga vullneti i lir\u00eb i qytetar\u00ebve.<br \/>\nJa p\u00ebrse asnj\u00eb lloj tundimi, presioni apo shantazhi i pamunguar i k\u00ebtyre dit\u00ebve s\u2019m\u00eb ka dyzuar aspak ta refuzoj prerazi mandatin e ardhur antikushtetuetshm\u00ebrisht, duke shpresuar shum\u00eb, se me k\u00ebt\u00eb akt nuk do jem i vetmi q\u00eb do i vij sado pak n\u00eb ndihm\u00eb dhe nj\u00eb sahat e m\u00eb par\u00eb zgjidhjes s\u00eb kriz\u00ebs politike n\u00eb v\u00ebnd.<\/p>\n<p>PRA, ME QINDRA HER\u00cb T\u00cb TJERA T\u00cb M\u00cb OFROHEJ NJ\u00cb MUND\u00cbSI E TILL\u00cb, N\u00cb T\u00cb TILLA RRETHANA, PA U MENDUAR DY HER\u00cb, PO NJ\u00cbLLOJ DO TA REFUZOJA.<\/p>\n<p>Aspak i lumtur p\u00ebr katandin\u00eb e mexhlisit t\u00eb popullit tim, edhe un\u00eb kam zgjedhur t\u00eb rri me qytetar\u00ebt dhe s\u2019do t\u00eb rresht s\u00eb kontribuari dhe luturi n\u00eb zot, q\u00eb Shqip\u00ebria jon\u00eb ti rikthehet stabilitetit dhe vlerave t\u00eb demokracis\u00eb evropiane!<\/p>\n<p>&nbsp;<\/p>\n","protected":false},"excerpt":{"rendered":"<p>Kandidati p\u00ebr deputet i qarkut t\u00eb Kor\u00e7\u00ebs, Fatmir Guda ka refuzuar mandatin n\u00ebp\u00ebrmjet nj\u00eb deklarate publike n\u00eb faqen e tij n\u00eb Facebook. \u201cEdhe pse e gjykuam se parlamenti ishte vendi dhe rasti i duhur p\u00ebr t\u00eb ngritur me forc\u00ebn e arsyes nj\u00eb nga \u00e7\u00ebshtjet m\u00eb me r\u00ebnd\u00ebsi si\u00e7 \u00ebsht\u00eb korrigjimi i hart\u00ebs territoriale administrative, konkluduam [&hellip;]<\/p>\n","protected":false},"author":2013,"featured_media":76124,"comment_status":"open","ping_status":"closed","sticky":false,"template":"","format":"standard","meta":{"footnotes":""},"categories":[241,235],"tags":[],"class_list":{"0":"post-76123","1":"post","2":"type-post","3":"status-publish","4":"format-standard","5":"has-post-thumbnail","7":"category-aktualitet","8":"category-vendi"},"_links":{"self":[{"href":"https:\/\/zjarr.tv\/sq\/wp-json\/wp\/v2\/posts\/76123","targetHints":{"allow":["GET"]}}],"collection":[{"href":"https:\/\/zjarr.tv\/sq\/wp-json\/wp\/v2\/posts"}],"about":[{"href":"https:\/\/zjarr.tv\/sq\/wp-json\/wp\/v2\/types\/post"}],"author":[{"embeddable":true,"href":"https:\/\/zjarr.tv\/sq\/wp-json\/wp\/v2\/users\/2013"}],"replies":[{"embeddable":true,"href":"https:\/\/zjarr.tv\/sq\/wp-json\/wp\/v2\/comments?post=76123"}],"version-history":[{"count":0,"href":"https:\/\/zjarr.tv\/sq\/wp-json\/wp\/v2\/posts\/76123\/revisions"}],"wp:featuredmedia":[{"embeddable":true,"href":"https:\/\/zjarr.tv\/sq\/wp-json\/wp\/v2\/media\/76124"}],"wp:attachment":[{"href":"https:\/\/zjarr.tv\/sq\/wp-json\/wp\/v2\/media?parent=76123"}],"wp:term":[{"taxonomy":"category","embeddable":true,"href":"https:\/\/zjarr.tv\/sq\/wp-json\/wp\/v2\/categories?post=76123"},{"taxonomy":"post_tag","embeddable":true,"href":"https:\/\/zjarr.tv\/sq\/wp-json\/wp\/v2\/tags?post=76123"}],"curies":[{"name":"wp","href":"https:\/\/api.w.org\/{rel}","templated":true}]}}