{"id":76162,"date":"2019-03-29T15:41:15","date_gmt":"2019-03-29T14:41:15","guid":{"rendered":"https:\/\/zjarr.tv\/?p=76162"},"modified":"2019-03-29T15:41:15","modified_gmt":"2019-03-29T14:41:15","slug":"zjarr-prane-nenstacionit-elektrik-ne-fushe-kruje","status":"publish","type":"post","link":"https:\/\/zjarr.tv\/sq\/zjarr-prane-nenstacionit-elektrik-ne-fushe-kruje\/","title":{"rendered":"Zjarr pran\u00eb n\u00ebnstacionit elektrik n\u00eb Fush\u00eb Kruj\u00eb"},"content":{"rendered":"<p>Nj\u00eb zjarr i madh ka p\u00ebrfshir\u00eb pak \u00e7aste m\u00eb par\u00eb n\u00ebnstacionin elektrik n\u00eb fshatin Zall\u00eb t\u00eb Fush\u00eb-Kruj\u00ebs. Zjarrfik\u00ebset kan\u00eb nd\u00ebrhyr\u00eb p\u00ebr shuarjen e zjarrit, nd\u00ebrsa fatmir\u00ebsisht raportohet vet\u00ebm p\u00ebr d\u00ebme materiale. Policia dhe grupi hetimor kan\u00eb shkuar menj\u00ebher\u00eb n\u00eb vendngjarje dhe po punojn\u00eb p\u00ebr t\u00eb identifikuar shkaqet e mundshme.<\/p>\n","protected":false},"excerpt":{"rendered":"<p>Nj\u00eb zjarr i madh ka p\u00ebrfshir\u00eb pak \u00e7aste m\u00eb par\u00eb n\u00ebnstacionin elektrik n\u00eb fshatin Zall\u00eb t\u00eb Fush\u00eb-Kruj\u00ebs. Zjarrfik\u00ebset kan\u00eb nd\u00ebrhyr\u00eb p\u00ebr shuarjen e zjarrit, nd\u00ebrsa fatmir\u00ebsisht raportohet vet\u00ebm p\u00ebr d\u00ebme materiale. Policia dhe grupi hetimor kan\u00eb shkuar menj\u00ebher\u00eb n\u00eb vendngjarje dhe po punojn\u00eb p\u00ebr t\u00eb identifikuar shkaqet e mundshme.<\/p>\n","protected":false},"author":2013,"featured_media":43440,"comment_status":"open","ping_status":"closed","sticky":false,"template":"","format":"standard","meta":{"footnotes":""},"categories":[241,235],"tags":[],"class_list":{"0":"post-76162","1":"post","2":"type-post","3":"status-publish","4":"format-standard","5":"has-post-thumbnail","7":"category-aktualitet","8":"category-vendi"},"_links":{"self":[{"href":"https:\/\/zjarr.tv\/sq\/wp-json\/wp\/v2\/posts\/76162","targetHints":{"allow":["GET"]}}],"collection":[{"href":"https:\/\/zjarr.tv\/sq\/wp-json\/wp\/v2\/posts"}],"about":[{"href":"https:\/\/zjarr.tv\/sq\/wp-json\/wp\/v2\/types\/post"}],"author":[{"embeddable":true,"href":"https:\/\/zjarr.tv\/sq\/wp-json\/wp\/v2\/users\/2013"}],"replies":[{"embeddable":true,"href":"https:\/\/zjarr.tv\/sq\/wp-json\/wp\/v2\/comments?post=76162"}],"version-history":[{"count":0,"href":"https:\/\/zjarr.tv\/sq\/wp-json\/wp\/v2\/posts\/76162\/revisions"}],"wp:featuredmedia":[{"embeddable":true,"href":"https:\/\/zjarr.tv\/sq\/wp-json\/wp\/v2\/media\/43440"}],"wp:attachment":[{"href":"https:\/\/zjarr.tv\/sq\/wp-json\/wp\/v2\/media?parent=76162"}],"wp:term":[{"taxonomy":"category","embeddable":true,"href":"https:\/\/zjarr.tv\/sq\/wp-json\/wp\/v2\/categories?post=76162"},{"taxonomy":"post_tag","embeddable":true,"href":"https:\/\/zjarr.tv\/sq\/wp-json\/wp\/v2\/tags?post=76162"}],"curies":[{"name":"wp","href":"https:\/\/api.w.org\/{rel}","templated":true}]}}