{"id":77145,"date":"2019-04-03T17:31:36","date_gmt":"2019-04-03T15:31:36","guid":{"rendered":"https:\/\/zjarr.tv\/?p=77145"},"modified":"2019-04-03T17:31:36","modified_gmt":"2019-04-03T15:31:36","slug":"lleshaj-e-veliu-ne-shkoder-per-ngjarjet-e-fundit-kriminale","status":"publish","type":"post","link":"https:\/\/zjarr.tv\/sq\/lleshaj-e-veliu-ne-shkoder-per-ngjarjet-e-fundit-kriminale\/","title":{"rendered":"Lleshaj e Veliu n\u00eb Shkod\u00ebr p\u00ebr ngjarjet e fundit kriminale"},"content":{"rendered":"<p>Ministri i Brendsh\u00ebm, Sand\u00ebr Lleshaj \u00ebsht\u00eb ndalur s\u00ebrish sot n\u00eb Shkod\u00ebr. I shoq\u00ebruar nga drejtori i p\u00ebrgjithsh\u00ebm t\u00eb policis\u00eb Ardi Veliu, ata kan\u00eb zhvilluar nj\u00eb takim n\u00eb prefektur\u00eb me drejtues t\u00eb policis\u00eb dhe prokuroris\u00eb. Lleshaj e Veliu jan\u00eb pritur nga prefekti i ri i qarkut Shkod\u00ebr, Valdrin Pjetri.<\/p>\n<p>Mendohet se n\u00eb fokus t\u00eb takimeve jan\u00eb ngjarjet e fundit kriminale dhe ecuria e hetimeve p\u00ebr zbardhjen e tyre.\u00a0 Kjo \u00ebsht\u00eb vizita e 3 e Sand\u00ebr Lleshajt brenda disa dit\u00ebsh, q\u00eb prej vrasjes s\u00eb dy v\u00ebllez\u00ebrve, Astrit dhe Brahim Balili. Pas k\u00ebsaj ngjarje, n\u00eb Shkod\u00ebr pati edhe disa ndryshime n\u00eb radh\u00ebt e drejtuesve t\u00eb policis\u00eb.<\/p>\n<p>&nbsp;<\/p>\n","protected":false},"excerpt":{"rendered":"<p>Ministri i Brendsh\u00ebm, Sand\u00ebr Lleshaj \u00ebsht\u00eb ndalur s\u00ebrish sot n\u00eb Shkod\u00ebr. I shoq\u00ebruar nga drejtori i p\u00ebrgjithsh\u00ebm t\u00eb policis\u00eb Ardi Veliu, ata kan\u00eb zhvilluar nj\u00eb takim n\u00eb prefektur\u00eb me drejtues t\u00eb policis\u00eb dhe prokuroris\u00eb. Lleshaj e Veliu jan\u00eb pritur nga prefekti i ri i qarkut Shkod\u00ebr, Valdrin Pjetri. Mendohet se n\u00eb fokus t\u00eb takimeve jan\u00eb [&hellip;]<\/p>\n","protected":false},"author":2013,"featured_media":0,"comment_status":"open","ping_status":"closed","sticky":false,"template":"","format":"standard","meta":{"footnotes":""},"categories":[241,235],"tags":[],"class_list":{"0":"post-77145","1":"post","2":"type-post","3":"status-publish","4":"format-standard","6":"category-aktualitet","7":"category-vendi"},"_links":{"self":[{"href":"https:\/\/zjarr.tv\/sq\/wp-json\/wp\/v2\/posts\/77145","targetHints":{"allow":["GET"]}}],"collection":[{"href":"https:\/\/zjarr.tv\/sq\/wp-json\/wp\/v2\/posts"}],"about":[{"href":"https:\/\/zjarr.tv\/sq\/wp-json\/wp\/v2\/types\/post"}],"author":[{"embeddable":true,"href":"https:\/\/zjarr.tv\/sq\/wp-json\/wp\/v2\/users\/2013"}],"replies":[{"embeddable":true,"href":"https:\/\/zjarr.tv\/sq\/wp-json\/wp\/v2\/comments?post=77145"}],"version-history":[{"count":0,"href":"https:\/\/zjarr.tv\/sq\/wp-json\/wp\/v2\/posts\/77145\/revisions"}],"wp:attachment":[{"href":"https:\/\/zjarr.tv\/sq\/wp-json\/wp\/v2\/media?parent=77145"}],"wp:term":[{"taxonomy":"category","embeddable":true,"href":"https:\/\/zjarr.tv\/sq\/wp-json\/wp\/v2\/categories?post=77145"},{"taxonomy":"post_tag","embeddable":true,"href":"https:\/\/zjarr.tv\/sq\/wp-json\/wp\/v2\/tags?post=77145"}],"curies":[{"name":"wp","href":"https:\/\/api.w.org\/{rel}","templated":true}]}}