{"id":77184,"date":"2019-04-04T10:30:26","date_gmt":"2019-04-04T08:30:26","guid":{"rendered":"https:\/\/zjarr.tv\/?p=77184"},"modified":"2019-04-04T10:30:26","modified_gmt":"2019-04-04T08:30:26","slug":"detit-i-del-pronari","status":"publish","type":"post","link":"https:\/\/zjarr.tv\/sq\/detit-i-del-pronari\/","title":{"rendered":"Detit i del pronari!"},"content":{"rendered":"<p>K\u00ebshtu e quajti emisionin e tij \u201cAjzberg\u201d gazetari investigativ,Artur \u00c7ani. Fabula ishte e thjesht\u00eb. N\u00eb ca zona jan\u00eb krijuar toka nga mbushja me inerte prej njeriut,ose nga derdhjet e lumenjve n\u00eb det. K\u00ebto sip\u00ebrfaqe,q\u00eb n\u00eb fakt sipas ligjit rezultojn\u00eb prona t\u00eb shtetit,jan\u00eb kthyer n\u00eb toka t\u00eb ca individ\u00ebve q\u00eb me d\u00ebshmi fallco e me vendime gjyq\u00ebsore t\u00eb blera ia kan\u00eb dal\u00eb t\u2019i hipotekojn\u00eb dhe t\u00eb b\u00ebhen latifondist\u00eb pa derdhur asnj\u00eb pik\u00eb djerse. Ajzbergu trajton deri n\u00eb detaje nj\u00eb p\u00ebrvet\u00ebsim n\u00eb Libofsh\u00eb t\u00eb Fierit. I kan\u00eb vjedhur shtetit aq shum\u00eb hektar\u00eb sa del baraz me sip\u00e9rfaqen e kryeqytetit ton\u00eb, Tiran\u00ebs. Pra nj\u00eb fis n\u00eb Fier,pa pasur asnj\u00eb cm tok\u00eb,rr\u00ebmben qindra hektar\u00eb dhe pik\u00ebrisht n\u00eb buz\u00eb t\u00eb detit,aty ku n\u00eb se do ngrihen nes\u00ebr resorte turistike investitor\u00ebt do e blen\u00eb si fr\u00ebngu pul\u00ebn. Emisioni u nxit n\u00eb k\u00ebt\u00eb tematik\u00eb nga nj\u00eb pronar i vjet\u00e9r tokash n\u00eb at\u00eb zon\u00eb,nga nj\u00eb pinjoll i fisit Cakrani. Ai i ka tokat e tij,por kufi m\u00eb par\u00eb kisha detin,thot\u00eb. Tani m\u00eb dalin ca njer\u00ebz q\u00eb nuk i njeh kush k\u00ebtyre an\u00ebve. Ai lufton q\u00eb toka e krijuar nga aluvionet e lumit t\u2019i kthehet shtetit. E nuk lodhet duke e \u00e7uar \u00e7\u00ebshtjen n\u00eb prokurori,n\u00eb agjencin\u00eb e pronave,te avokati i shtetit. Nuk merr askund p\u00e9rgjigje. At\u00ebhere i shkruan kryeministrit Rama. Por as ky nuk ia var,nuk i b\u00ebn dy gisht sqarim. Dhe t\u00eb mendosh se ka qysh nga 2013 q\u00eb ky njeri po b\u00ebrtet:\u201dO shtet t\u00eb kan\u00eb vjedhur pron\u00ebn. Ja kush e ka b\u00ebr\u00eb!\u201d Por shteti hesht. Nuk b\u00ebzan. Kush e di ku i punon mendja. N\u00eb ndonj\u00eb skem\u00eb vjedhjesh votash a n\u00eb ndonj\u00eb koncesion. Emisioni ngre nj\u00eb problem t\u00eb madh. Do zoti e d\u00ebgjon dikush q\u00eb ka atribute ta l\u00ebviz\u00eb gurin ku rri fshehur gjarp\u00e9ri i korrupsionit.<\/p>\n","protected":false},"excerpt":{"rendered":"<p>K\u00ebshtu e quajti emisionin e tij \u201cAjzberg\u201d gazetari investigativ,Artur \u00c7ani. Fabula ishte e thjesht\u00eb. N\u00eb ca zona jan\u00eb krijuar toka nga mbushja me inerte prej njeriut,ose nga derdhjet e lumenjve n\u00eb det. K\u00ebto sip\u00ebrfaqe,q\u00eb n\u00eb fakt sipas ligjit rezultojn\u00eb prona t\u00eb shtetit,jan\u00eb kthyer n\u00eb toka t\u00eb ca individ\u00ebve q\u00eb me d\u00ebshmi fallco e me vendime [&hellip;]<\/p>\n","protected":false},"author":2013,"featured_media":77185,"comment_status":"open","ping_status":"closed","sticky":false,"template":"","format":"standard","meta":{"footnotes":""},"categories":[241,235],"tags":[],"class_list":{"0":"post-77184","1":"post","2":"type-post","3":"status-publish","4":"format-standard","5":"has-post-thumbnail","7":"category-aktualitet","8":"category-vendi"},"_links":{"self":[{"href":"https:\/\/zjarr.tv\/sq\/wp-json\/wp\/v2\/posts\/77184","targetHints":{"allow":["GET"]}}],"collection":[{"href":"https:\/\/zjarr.tv\/sq\/wp-json\/wp\/v2\/posts"}],"about":[{"href":"https:\/\/zjarr.tv\/sq\/wp-json\/wp\/v2\/types\/post"}],"author":[{"embeddable":true,"href":"https:\/\/zjarr.tv\/sq\/wp-json\/wp\/v2\/users\/2013"}],"replies":[{"embeddable":true,"href":"https:\/\/zjarr.tv\/sq\/wp-json\/wp\/v2\/comments?post=77184"}],"version-history":[{"count":0,"href":"https:\/\/zjarr.tv\/sq\/wp-json\/wp\/v2\/posts\/77184\/revisions"}],"wp:featuredmedia":[{"embeddable":true,"href":"https:\/\/zjarr.tv\/sq\/wp-json\/wp\/v2\/media\/77185"}],"wp:attachment":[{"href":"https:\/\/zjarr.tv\/sq\/wp-json\/wp\/v2\/media?parent=77184"}],"wp:term":[{"taxonomy":"category","embeddable":true,"href":"https:\/\/zjarr.tv\/sq\/wp-json\/wp\/v2\/categories?post=77184"},{"taxonomy":"post_tag","embeddable":true,"href":"https:\/\/zjarr.tv\/sq\/wp-json\/wp\/v2\/tags?post=77184"}],"curies":[{"name":"wp","href":"https:\/\/api.w.org\/{rel}","templated":true}]}}